{"id":21317,"date":"2026-04-29T16:23:42","date_gmt":"2026-04-29T16:23:42","guid":{"rendered":"https:\/\/verdadincomodadiario.ar\/?p=21317"},"modified":"2026-04-29T16:23:42","modified_gmt":"2026-04-29T16:23:42","slug":"emiratos-arabes-unidos-abandona-opec-y-se-alinea-economicamente-al-petrodolar-de-trump","status":"publish","type":"post","link":"https:\/\/verdadincomodadiario.ar\/?p=21317","title":{"rendered":"Emiratos \u00c1rabes Unidos abandona OPEC y se alinea econ\u00f3micamente al petrod\u00f3lar de Trump"},"content":{"rendered":"<p>Abu Dabi asegur\u00f3 que debido a una restructuraci\u00f3n de la pol\u00edtica petrolera del gobierno, su membres\u00eda a la organizaci\u00f3n no seguir\u00e1 vigente.<\/p>\n","protected":false},"excerpt":{"rendered":"<p>Abu Dabi asegur\u00f3 que debido a una restructuraci\u00f3n de la pol\u00edtica petrolera del gobierno, su membres\u00eda a la organizaci\u00f3n no seguir\u00e1 vigente.<\/p>\n","protected":false},"author":2,"featured_media":21318,"comment_status":"open","ping_status":"open","sticky":false,"template":"","format":"standard","meta":{"_et_pb_use_builder":"","_et_pb_old_content":"","_et_gb_content_width":"","footnotes":""},"categories":[1392,1165,79],"tags":[],"class_list":["post-21317","post","type-post","status-publish","format-standard","has-post-thumbnail","hentry","category-arabes","category-emiratos","category-internacionales"],"_links":{"self":[{"href":"https:\/\/verdadincomodadiario.ar\/index.php?rest_route=\/wp\/v2\/posts\/21317","targetHints":{"allow":["GET"]}}],"collection":[{"href":"https:\/\/verdadincomodadiario.ar\/index.php?rest_route=\/wp\/v2\/posts"}],"about":[{"href":"https:\/\/verdadincomodadiario.ar\/index.php?rest_route=\/wp\/v2\/types\/post"}],"author":[{"embeddable":true,"href":"https:\/\/verdadincomodadiario.ar\/index.php?rest_route=\/wp\/v2\/users\/2"}],"replies":[{"embeddable":true,"href":"https:\/\/verdadincomodadiario.ar\/index.php?rest_route=%2Fwp%2Fv2%2Fcomments&post=21317"}],"version-history":[{"count":0,"href":"https:\/\/verdadincomodadiario.ar\/index.php?rest_route=\/wp\/v2\/posts\/21317\/revisions"}],"wp:featuredmedia":[{"embeddable":true,"href":"https:\/\/verdadincomodadiario.ar\/index.php?rest_route=\/wp\/v2\/media\/21318"}],"wp:attachment":[{"href":"https:\/\/verdadincomodadiario.ar\/index.php?rest_route=%2Fwp%2Fv2%2Fmedia&parent=21317"}],"wp:term":[{"taxonomy":"category","embeddable":true,"href":"https:\/\/verdadincomodadiario.ar\/index.php?rest_route=%2Fwp%2Fv2%2Fcategories&post=21317"},{"taxonomy":"post_tag","embeddable":true,"href":"https:\/\/verdadincomodadiario.ar\/index.php?rest_route=%2Fwp%2Fv2%2Ftags&post=21317"}],"curies":[{"name":"wp","href":"https:\/\/api.w.org\/{rel}","templated":true}]}}