{"id":21315,"date":"2026-04-29T15:24:43","date_gmt":"2026-04-29T15:24:43","guid":{"rendered":"https:\/\/verdadincomodadiario.ar\/?p=21315"},"modified":"2026-04-29T15:24:43","modified_gmt":"2026-04-29T15:24:43","slug":"la-fifa-confirmo-el-mundial-sub-17-de-qatar-2026-las-fechas-del-torneo-y-del-sorteo","status":"publish","type":"post","link":"https:\/\/verdadincomodadiario.ar\/?p=21315","title":{"rendered":"La FIFA confirm\u00f3 el Mundial Sub-17 de Qatar 2026: las fechas del torneo y del sorteo"},"content":{"rendered":"<p>El ente internacional ratific\u00f3 la realizaci\u00f3n del torneo en suelo qatar\u00ed y dio a conocer su fecha de cu\u00e1ndo se sortea la fase de grupos<\/p>\n","protected":false},"excerpt":{"rendered":"<p>El ente internacional ratific\u00f3 la realizaci\u00f3n del torneo en suelo qatar\u00ed y dio a conocer su fecha de cu\u00e1ndo se sortea la fase de grupos<\/p>\n","protected":false},"author":2,"featured_media":21316,"comment_status":"open","ping_status":"open","sticky":false,"template":"","format":"standard","meta":{"_et_pb_use_builder":"","_et_pb_old_content":"","_et_gb_content_width":"","footnotes":""},"categories":[78],"tags":[],"class_list":["post-21315","post","type-post","status-publish","format-standard","has-post-thumbnail","hentry","category-deportes"],"_links":{"self":[{"href":"https:\/\/verdadincomodadiario.ar\/index.php?rest_route=\/wp\/v2\/posts\/21315","targetHints":{"allow":["GET"]}}],"collection":[{"href":"https:\/\/verdadincomodadiario.ar\/index.php?rest_route=\/wp\/v2\/posts"}],"about":[{"href":"https:\/\/verdadincomodadiario.ar\/index.php?rest_route=\/wp\/v2\/types\/post"}],"author":[{"embeddable":true,"href":"https:\/\/verdadincomodadiario.ar\/index.php?rest_route=\/wp\/v2\/users\/2"}],"replies":[{"embeddable":true,"href":"https:\/\/verdadincomodadiario.ar\/index.php?rest_route=%2Fwp%2Fv2%2Fcomments&post=21315"}],"version-history":[{"count":0,"href":"https:\/\/verdadincomodadiario.ar\/index.php?rest_route=\/wp\/v2\/posts\/21315\/revisions"}],"wp:featuredmedia":[{"embeddable":true,"href":"https:\/\/verdadincomodadiario.ar\/index.php?rest_route=\/wp\/v2\/media\/21316"}],"wp:attachment":[{"href":"https:\/\/verdadincomodadiario.ar\/index.php?rest_route=%2Fwp%2Fv2%2Fmedia&parent=21315"}],"wp:term":[{"taxonomy":"category","embeddable":true,"href":"https:\/\/verdadincomodadiario.ar\/index.php?rest_route=%2Fwp%2Fv2%2Fcategories&post=21315"},{"taxonomy":"post_tag","embeddable":true,"href":"https:\/\/verdadincomodadiario.ar\/index.php?rest_route=%2Fwp%2Fv2%2Ftags&post=21315"}],"curies":[{"name":"wp","href":"https:\/\/api.w.org\/{rel}","templated":true}]}}