{"id":21309,"date":"2026-04-29T14:24:39","date_gmt":"2026-04-29T14:24:39","guid":{"rendered":"https:\/\/verdadincomodadiario.ar\/?p=21309"},"modified":"2026-04-29T14:24:39","modified_gmt":"2026-04-29T14:24:39","slug":"mas-argentinos-en-carpeta-barcelona-tendria-en-la-mira-a-cuti-romero-para-despues-del-mundial-2026","status":"publish","type":"post","link":"https:\/\/verdadincomodadiario.ar\/?p=21309","title":{"rendered":"M\u00e1s argentinos en carpeta: Barcelona tendr\u00eda en la mira a Cuti Romero para despu\u00e9s del Mundial 2026"},"content":{"rendered":"<p>El club blaugrana tendr\u00eda como alternativa al central argentino para reforzar la defensa de cara a la pr\u00f3xima temporada<\/p>\n","protected":false},"excerpt":{"rendered":"<p>El club blaugrana tendr\u00eda como alternativa al central argentino para reforzar la defensa de cara a la pr\u00f3xima temporada<\/p>\n","protected":false},"author":2,"featured_media":21310,"comment_status":"open","ping_status":"open","sticky":false,"template":"","format":"standard","meta":{"_et_pb_use_builder":"","_et_pb_old_content":"","_et_gb_content_width":"","footnotes":""},"categories":[78],"tags":[],"class_list":["post-21309","post","type-post","status-publish","format-standard","has-post-thumbnail","hentry","category-deportes"],"_links":{"self":[{"href":"https:\/\/verdadincomodadiario.ar\/index.php?rest_route=\/wp\/v2\/posts\/21309","targetHints":{"allow":["GET"]}}],"collection":[{"href":"https:\/\/verdadincomodadiario.ar\/index.php?rest_route=\/wp\/v2\/posts"}],"about":[{"href":"https:\/\/verdadincomodadiario.ar\/index.php?rest_route=\/wp\/v2\/types\/post"}],"author":[{"embeddable":true,"href":"https:\/\/verdadincomodadiario.ar\/index.php?rest_route=\/wp\/v2\/users\/2"}],"replies":[{"embeddable":true,"href":"https:\/\/verdadincomodadiario.ar\/index.php?rest_route=%2Fwp%2Fv2%2Fcomments&post=21309"}],"version-history":[{"count":0,"href":"https:\/\/verdadincomodadiario.ar\/index.php?rest_route=\/wp\/v2\/posts\/21309\/revisions"}],"wp:featuredmedia":[{"embeddable":true,"href":"https:\/\/verdadincomodadiario.ar\/index.php?rest_route=\/wp\/v2\/media\/21310"}],"wp:attachment":[{"href":"https:\/\/verdadincomodadiario.ar\/index.php?rest_route=%2Fwp%2Fv2%2Fmedia&parent=21309"}],"wp:term":[{"taxonomy":"category","embeddable":true,"href":"https:\/\/verdadincomodadiario.ar\/index.php?rest_route=%2Fwp%2Fv2%2Fcategories&post=21309"},{"taxonomy":"post_tag","embeddable":true,"href":"https:\/\/verdadincomodadiario.ar\/index.php?rest_route=%2Fwp%2Fv2%2Ftags&post=21309"}],"curies":[{"name":"wp","href":"https:\/\/api.w.org\/{rel}","templated":true}]}}