{"id":21307,"date":"2026-04-29T14:24:20","date_gmt":"2026-04-29T14:24:20","guid":{"rendered":"https:\/\/verdadincomodadiario.ar\/?p=21307"},"modified":"2026-04-29T14:24:20","modified_gmt":"2026-04-29T14:24:20","slug":"manuel-adorni-ante-el-congreso-en-vivo-el-jefe-de-gabinete-expone-avances-de-gestion-en-diputados","status":"publish","type":"post","link":"https:\/\/verdadincomodadiario.ar\/?p=21307","title":{"rendered":"Manuel Adorni ante el Congreso, en vivo: el Jefe de Gabinete expone avances de gesti\u00f3n en Diputados"},"content":{"rendered":"<p>El Jefe de Gabinete se presenta en la C\u00e1mara baja para mostrar los avances de la gesti\u00f3n de Javier Milei frente a legisladores.<\/p>\n","protected":false},"excerpt":{"rendered":"<p>El Jefe de Gabinete se presenta en la C\u00e1mara baja para mostrar los avances de la gesti\u00f3n de Javier Milei frente a legisladores.<\/p>\n","protected":false},"author":2,"featured_media":21308,"comment_status":"open","ping_status":"open","sticky":false,"template":"","format":"standard","meta":{"_et_pb_use_builder":"","_et_pb_old_content":"","_et_gb_content_width":"","footnotes":""},"categories":[81],"tags":[],"class_list":["post-21307","post","type-post","status-publish","format-standard","has-post-thumbnail","hentry","category-politica"],"_links":{"self":[{"href":"https:\/\/verdadincomodadiario.ar\/index.php?rest_route=\/wp\/v2\/posts\/21307","targetHints":{"allow":["GET"]}}],"collection":[{"href":"https:\/\/verdadincomodadiario.ar\/index.php?rest_route=\/wp\/v2\/posts"}],"about":[{"href":"https:\/\/verdadincomodadiario.ar\/index.php?rest_route=\/wp\/v2\/types\/post"}],"author":[{"embeddable":true,"href":"https:\/\/verdadincomodadiario.ar\/index.php?rest_route=\/wp\/v2\/users\/2"}],"replies":[{"embeddable":true,"href":"https:\/\/verdadincomodadiario.ar\/index.php?rest_route=%2Fwp%2Fv2%2Fcomments&post=21307"}],"version-history":[{"count":0,"href":"https:\/\/verdadincomodadiario.ar\/index.php?rest_route=\/wp\/v2\/posts\/21307\/revisions"}],"wp:featuredmedia":[{"embeddable":true,"href":"https:\/\/verdadincomodadiario.ar\/index.php?rest_route=\/wp\/v2\/media\/21308"}],"wp:attachment":[{"href":"https:\/\/verdadincomodadiario.ar\/index.php?rest_route=%2Fwp%2Fv2%2Fmedia&parent=21307"}],"wp:term":[{"taxonomy":"category","embeddable":true,"href":"https:\/\/verdadincomodadiario.ar\/index.php?rest_route=%2Fwp%2Fv2%2Fcategories&post=21307"},{"taxonomy":"post_tag","embeddable":true,"href":"https:\/\/verdadincomodadiario.ar\/index.php?rest_route=%2Fwp%2Fv2%2Ftags&post=21307"}],"curies":[{"name":"wp","href":"https:\/\/api.w.org\/{rel}","templated":true}]}}