{"id":21305,"date":"2026-04-29T13:24:33","date_gmt":"2026-04-29T13:24:33","guid":{"rendered":"https:\/\/verdadincomodadiario.ar\/?p=21305"},"modified":"2026-04-29T13:24:33","modified_gmt":"2026-04-29T13:24:33","slug":"dos-judios-fueron-acuchillados-en-londres","status":"publish","type":"post","link":"https:\/\/verdadincomodadiario.ar\/?p=21305","title":{"rendered":"Dos jud\u00edos fueron acuchillados en Londres"},"content":{"rendered":"<p>Fue en el barrio londinense de Golders Green, una zona con una importante poblaci\u00f3n jud\u00eda del noroeste de la capital brit\u00e1nica<\/p>\n","protected":false},"excerpt":{"rendered":"<p>Fue en el barrio londinense de Golders Green, una zona con una importante poblaci\u00f3n jud\u00eda del noroeste de la capital brit\u00e1nica<\/p>\n","protected":false},"author":2,"featured_media":21306,"comment_status":"open","ping_status":"open","sticky":false,"template":"","format":"standard","meta":{"_et_pb_use_builder":"","_et_pb_old_content":"","_et_gb_content_width":"","footnotes":""},"categories":[1586,79,1585],"tags":[],"class_list":["post-21305","post","type-post","status-publish","format-standard","has-post-thumbnail","hentry","category-fueron","category-internacionales","category-judios"],"_links":{"self":[{"href":"https:\/\/verdadincomodadiario.ar\/index.php?rest_route=\/wp\/v2\/posts\/21305","targetHints":{"allow":["GET"]}}],"collection":[{"href":"https:\/\/verdadincomodadiario.ar\/index.php?rest_route=\/wp\/v2\/posts"}],"about":[{"href":"https:\/\/verdadincomodadiario.ar\/index.php?rest_route=\/wp\/v2\/types\/post"}],"author":[{"embeddable":true,"href":"https:\/\/verdadincomodadiario.ar\/index.php?rest_route=\/wp\/v2\/users\/2"}],"replies":[{"embeddable":true,"href":"https:\/\/verdadincomodadiario.ar\/index.php?rest_route=%2Fwp%2Fv2%2Fcomments&post=21305"}],"version-history":[{"count":0,"href":"https:\/\/verdadincomodadiario.ar\/index.php?rest_route=\/wp\/v2\/posts\/21305\/revisions"}],"wp:featuredmedia":[{"embeddable":true,"href":"https:\/\/verdadincomodadiario.ar\/index.php?rest_route=\/wp\/v2\/media\/21306"}],"wp:attachment":[{"href":"https:\/\/verdadincomodadiario.ar\/index.php?rest_route=%2Fwp%2Fv2%2Fmedia&parent=21305"}],"wp:term":[{"taxonomy":"category","embeddable":true,"href":"https:\/\/verdadincomodadiario.ar\/index.php?rest_route=%2Fwp%2Fv2%2Fcategories&post=21305"},{"taxonomy":"post_tag","embeddable":true,"href":"https:\/\/verdadincomodadiario.ar\/index.php?rest_route=%2Fwp%2Fv2%2Ftags&post=21305"}],"curies":[{"name":"wp","href":"https:\/\/api.w.org\/{rel}","templated":true}]}}