{"id":21271,"date":"2026-04-28T20:24:41","date_gmt":"2026-04-28T20:24:41","guid":{"rendered":"https:\/\/verdadincomodadiario.ar\/?p=21271"},"modified":"2026-04-28T20:24:41","modified_gmt":"2026-04-28T20:24:41","slug":"luto-en-el-deporte-nacional-murio-el-jugador-de-padel-argentino-brayan-tato-torres-en-un-choque-en-honduras","status":"publish","type":"post","link":"https:\/\/verdadincomodadiario.ar\/?p=21271","title":{"rendered":"Luto en el deporte nacional: muri\u00f3 el jugador de p\u00e1del argentino Brayan &#8216;Tato&#8217; Torres en un choque en Honduras"},"content":{"rendered":"<p>El deportista puntano de 27 a\u00f1os falleci\u00f3 en Tegucigalpa tras un accidente vial. La conductura manejaba del veh\u00edculo en el que viajab estaba en estado de ebriedad<\/p>\n","protected":false},"excerpt":{"rendered":"<p>El deportista puntano de 27 a\u00f1os falleci\u00f3 en Tegucigalpa tras un accidente vial. La conductura manejaba del veh\u00edculo en el que viajab estaba en estado de ebriedad<\/p>\n","protected":false},"author":2,"featured_media":21272,"comment_status":"open","ping_status":"open","sticky":false,"template":"","format":"standard","meta":{"_et_pb_use_builder":"","_et_pb_old_content":"","_et_gb_content_width":"","footnotes":""},"categories":[78],"tags":[],"class_list":["post-21271","post","type-post","status-publish","format-standard","has-post-thumbnail","hentry","category-deportes"],"_links":{"self":[{"href":"https:\/\/verdadincomodadiario.ar\/index.php?rest_route=\/wp\/v2\/posts\/21271","targetHints":{"allow":["GET"]}}],"collection":[{"href":"https:\/\/verdadincomodadiario.ar\/index.php?rest_route=\/wp\/v2\/posts"}],"about":[{"href":"https:\/\/verdadincomodadiario.ar\/index.php?rest_route=\/wp\/v2\/types\/post"}],"author":[{"embeddable":true,"href":"https:\/\/verdadincomodadiario.ar\/index.php?rest_route=\/wp\/v2\/users\/2"}],"replies":[{"embeddable":true,"href":"https:\/\/verdadincomodadiario.ar\/index.php?rest_route=%2Fwp%2Fv2%2Fcomments&post=21271"}],"version-history":[{"count":0,"href":"https:\/\/verdadincomodadiario.ar\/index.php?rest_route=\/wp\/v2\/posts\/21271\/revisions"}],"wp:featuredmedia":[{"embeddable":true,"href":"https:\/\/verdadincomodadiario.ar\/index.php?rest_route=\/wp\/v2\/media\/21272"}],"wp:attachment":[{"href":"https:\/\/verdadincomodadiario.ar\/index.php?rest_route=%2Fwp%2Fv2%2Fmedia&parent=21271"}],"wp:term":[{"taxonomy":"category","embeddable":true,"href":"https:\/\/verdadincomodadiario.ar\/index.php?rest_route=%2Fwp%2Fv2%2Fcategories&post=21271"},{"taxonomy":"post_tag","embeddable":true,"href":"https:\/\/verdadincomodadiario.ar\/index.php?rest_route=%2Fwp%2Fv2%2Ftags&post=21271"}],"curies":[{"name":"wp","href":"https:\/\/api.w.org\/{rel}","templated":true}]}}