{"id":21251,"date":"2026-04-28T18:25:35","date_gmt":"2026-04-28T18:25:35","guid":{"rendered":"https:\/\/verdadincomodadiario.ar\/?p=21251"},"modified":"2026-04-28T18:25:35","modified_gmt":"2026-04-28T18:25:35","slug":"tras-su-exhibicion-franco-colapinto-ya-se-enfoca-en-su-proxima-carrera-toda-mi-atencion-esta-puesta-en-miami","status":"publish","type":"post","link":"https:\/\/verdadincomodadiario.ar\/?p=21251","title":{"rendered":"Tras su exhibici\u00f3n, Franco Colapinto ya se enfoca en su pr\u00f3xima carrera: &#8216;Toda mi atenci\u00f3n est\u00e1 puesta en Miami&#8217;"},"content":{"rendered":"<p>El piloto argentino habl\u00f3 de su hist\u00f3rico Road Show en Buenos Aires y palpit\u00f3 el Gran Premio de Miami, que marcar\u00e1 el regreso de la F\u00f3rmula 1 luego de un mes de parate<\/p>\n","protected":false},"excerpt":{"rendered":"<p>El piloto argentino habl\u00f3 de su hist\u00f3rico Road Show en Buenos Aires y palpit\u00f3 el Gran Premio de Miami, que marcar\u00e1 el regreso de la F\u00f3rmula 1 luego de un mes de parate<\/p>\n","protected":false},"author":2,"featured_media":21252,"comment_status":"open","ping_status":"open","sticky":false,"template":"","format":"standard","meta":{"_et_pb_use_builder":"","_et_pb_old_content":"","_et_gb_content_width":"","footnotes":""},"categories":[78],"tags":[],"class_list":["post-21251","post","type-post","status-publish","format-standard","has-post-thumbnail","hentry","category-deportes"],"_links":{"self":[{"href":"https:\/\/verdadincomodadiario.ar\/index.php?rest_route=\/wp\/v2\/posts\/21251","targetHints":{"allow":["GET"]}}],"collection":[{"href":"https:\/\/verdadincomodadiario.ar\/index.php?rest_route=\/wp\/v2\/posts"}],"about":[{"href":"https:\/\/verdadincomodadiario.ar\/index.php?rest_route=\/wp\/v2\/types\/post"}],"author":[{"embeddable":true,"href":"https:\/\/verdadincomodadiario.ar\/index.php?rest_route=\/wp\/v2\/users\/2"}],"replies":[{"embeddable":true,"href":"https:\/\/verdadincomodadiario.ar\/index.php?rest_route=%2Fwp%2Fv2%2Fcomments&post=21251"}],"version-history":[{"count":0,"href":"https:\/\/verdadincomodadiario.ar\/index.php?rest_route=\/wp\/v2\/posts\/21251\/revisions"}],"wp:featuredmedia":[{"embeddable":true,"href":"https:\/\/verdadincomodadiario.ar\/index.php?rest_route=\/wp\/v2\/media\/21252"}],"wp:attachment":[{"href":"https:\/\/verdadincomodadiario.ar\/index.php?rest_route=%2Fwp%2Fv2%2Fmedia&parent=21251"}],"wp:term":[{"taxonomy":"category","embeddable":true,"href":"https:\/\/verdadincomodadiario.ar\/index.php?rest_route=%2Fwp%2Fv2%2Fcategories&post=21251"},{"taxonomy":"post_tag","embeddable":true,"href":"https:\/\/verdadincomodadiario.ar\/index.php?rest_route=%2Fwp%2Fv2%2Ftags&post=21251"}],"curies":[{"name":"wp","href":"https:\/\/api.w.org\/{rel}","templated":true}]}}