{"id":21249,"date":"2026-04-28T18:25:27","date_gmt":"2026-04-28T18:25:27","guid":{"rendered":"https:\/\/verdadincomodadiario.ar\/?p=21249"},"modified":"2026-04-28T18:25:27","modified_gmt":"2026-04-28T18:25:27","slug":"el-gobierno-de-milei-recibio-tres-ofertas-por-transener-y-avanza-con-su-privatizacion","status":"publish","type":"post","link":"https:\/\/verdadincomodadiario.ar\/?p=21249","title":{"rendered":"El Gobierno de Milei recibi\u00f3 tres ofertas por Transener y avanza con su privatizaci\u00f3n"},"content":{"rendered":"<p>Capitales locales lideran la puja por la principal transportista el\u00e9ctrica del pa\u00eds.<\/p>\n","protected":false},"excerpt":{"rendered":"<p>Capitales locales lideran la puja por la principal transportista el\u00e9ctrica del pa\u00eds.<\/p>\n","protected":false},"author":2,"featured_media":21250,"comment_status":"open","ping_status":"open","sticky":false,"template":"","format":"standard","meta":{"_et_pb_use_builder":"","_et_pb_old_content":"","_et_gb_content_width":"","footnotes":""},"categories":[80],"tags":[],"class_list":["post-21249","post","type-post","status-publish","format-standard","has-post-thumbnail","hentry","category-economia-2"],"_links":{"self":[{"href":"https:\/\/verdadincomodadiario.ar\/index.php?rest_route=\/wp\/v2\/posts\/21249","targetHints":{"allow":["GET"]}}],"collection":[{"href":"https:\/\/verdadincomodadiario.ar\/index.php?rest_route=\/wp\/v2\/posts"}],"about":[{"href":"https:\/\/verdadincomodadiario.ar\/index.php?rest_route=\/wp\/v2\/types\/post"}],"author":[{"embeddable":true,"href":"https:\/\/verdadincomodadiario.ar\/index.php?rest_route=\/wp\/v2\/users\/2"}],"replies":[{"embeddable":true,"href":"https:\/\/verdadincomodadiario.ar\/index.php?rest_route=%2Fwp%2Fv2%2Fcomments&post=21249"}],"version-history":[{"count":0,"href":"https:\/\/verdadincomodadiario.ar\/index.php?rest_route=\/wp\/v2\/posts\/21249\/revisions"}],"wp:featuredmedia":[{"embeddable":true,"href":"https:\/\/verdadincomodadiario.ar\/index.php?rest_route=\/wp\/v2\/media\/21250"}],"wp:attachment":[{"href":"https:\/\/verdadincomodadiario.ar\/index.php?rest_route=%2Fwp%2Fv2%2Fmedia&parent=21249"}],"wp:term":[{"taxonomy":"category","embeddable":true,"href":"https:\/\/verdadincomodadiario.ar\/index.php?rest_route=%2Fwp%2Fv2%2Fcategories&post=21249"},{"taxonomy":"post_tag","embeddable":true,"href":"https:\/\/verdadincomodadiario.ar\/index.php?rest_route=%2Fwp%2Fv2%2Ftags&post=21249"}],"curies":[{"name":"wp","href":"https:\/\/api.w.org\/{rel}","templated":true}]}}