{"id":21245,"date":"2026-04-28T18:24:58","date_gmt":"2026-04-28T18:24:58","guid":{"rendered":"https:\/\/verdadincomodadiario.ar\/?p=21245"},"modified":"2026-04-28T18:24:58","modified_gmt":"2026-04-28T18:24:58","slug":"el-gobierno-avanza-con-la-privatizacion-de-aysa-y-aprobo-el-modelo-de-contrato-de-concesion","status":"publish","type":"post","link":"https:\/\/verdadincomodadiario.ar\/?p=21245","title":{"rendered":"El Gobierno avanza con la privatizaci\u00f3n de AySA y aprob\u00f3 el modelo de contrato de concesi\u00f3n"},"content":{"rendered":"<p>La medida establece las condiciones para vender la mayor\u00eda accionaria y garantizar la continuidad del servicio.<\/p>\n","protected":false},"excerpt":{"rendered":"<p>La medida establece las condiciones para vender la mayor\u00eda accionaria y garantizar la continuidad del servicio.<\/p>\n","protected":false},"author":2,"featured_media":21246,"comment_status":"open","ping_status":"open","sticky":false,"template":"","format":"standard","meta":{"_et_pb_use_builder":"","_et_pb_old_content":"","_et_gb_content_width":"","footnotes":""},"categories":[81],"tags":[],"class_list":["post-21245","post","type-post","status-publish","format-standard","has-post-thumbnail","hentry","category-politica"],"_links":{"self":[{"href":"https:\/\/verdadincomodadiario.ar\/index.php?rest_route=\/wp\/v2\/posts\/21245","targetHints":{"allow":["GET"]}}],"collection":[{"href":"https:\/\/verdadincomodadiario.ar\/index.php?rest_route=\/wp\/v2\/posts"}],"about":[{"href":"https:\/\/verdadincomodadiario.ar\/index.php?rest_route=\/wp\/v2\/types\/post"}],"author":[{"embeddable":true,"href":"https:\/\/verdadincomodadiario.ar\/index.php?rest_route=\/wp\/v2\/users\/2"}],"replies":[{"embeddable":true,"href":"https:\/\/verdadincomodadiario.ar\/index.php?rest_route=%2Fwp%2Fv2%2Fcomments&post=21245"}],"version-history":[{"count":0,"href":"https:\/\/verdadincomodadiario.ar\/index.php?rest_route=\/wp\/v2\/posts\/21245\/revisions"}],"wp:featuredmedia":[{"embeddable":true,"href":"https:\/\/verdadincomodadiario.ar\/index.php?rest_route=\/wp\/v2\/media\/21246"}],"wp:attachment":[{"href":"https:\/\/verdadincomodadiario.ar\/index.php?rest_route=%2Fwp%2Fv2%2Fmedia&parent=21245"}],"wp:term":[{"taxonomy":"category","embeddable":true,"href":"https:\/\/verdadincomodadiario.ar\/index.php?rest_route=%2Fwp%2Fv2%2Fcategories&post=21245"},{"taxonomy":"post_tag","embeddable":true,"href":"https:\/\/verdadincomodadiario.ar\/index.php?rest_route=%2Fwp%2Fv2%2Ftags&post=21245"}],"curies":[{"name":"wp","href":"https:\/\/api.w.org\/{rel}","templated":true}]}}