{"id":21237,"date":"2026-04-28T17:23:41","date_gmt":"2026-04-28T17:23:41","guid":{"rendered":"https:\/\/verdadincomodadiario.ar\/?p=21237"},"modified":"2026-04-28T17:23:41","modified_gmt":"2026-04-28T17:23:41","slug":"dieta-incompatible-con-la-vida-denuncian-desnutricion-extrema-y-condiciones-inhumanas-en-carceles-de-cuba","status":"publish","type":"post","link":"https:\/\/verdadincomodadiario.ar\/?p=21237","title":{"rendered":"\u201cDieta incompatible con la vida\u201d: denuncian desnutrici\u00f3n extrema y condiciones inhumanas en c\u00e1rceles de Cuba"},"content":{"rendered":"<p>Un informe denuncia desnutrici\u00f3n extrema y condiciones inhumanas en c\u00e1rceles del r\u00e9gimen cubano.<\/p>\n","protected":false},"excerpt":{"rendered":"<p>Un informe denuncia desnutrici\u00f3n extrema y condiciones inhumanas en c\u00e1rceles del r\u00e9gimen cubano.<\/p>\n","protected":false},"author":2,"featured_media":21238,"comment_status":"open","ping_status":"open","sticky":false,"template":"","format":"standard","meta":{"_et_pb_use_builder":"","_et_pb_old_content":"","_et_gb_content_width":"","footnotes":""},"categories":[1573,1574,79],"tags":[],"class_list":["post-21237","post","type-post","status-publish","format-standard","has-post-thumbnail","hentry","category-dieta","category-incompatible","category-internacionales"],"_links":{"self":[{"href":"https:\/\/verdadincomodadiario.ar\/index.php?rest_route=\/wp\/v2\/posts\/21237","targetHints":{"allow":["GET"]}}],"collection":[{"href":"https:\/\/verdadincomodadiario.ar\/index.php?rest_route=\/wp\/v2\/posts"}],"about":[{"href":"https:\/\/verdadincomodadiario.ar\/index.php?rest_route=\/wp\/v2\/types\/post"}],"author":[{"embeddable":true,"href":"https:\/\/verdadincomodadiario.ar\/index.php?rest_route=\/wp\/v2\/users\/2"}],"replies":[{"embeddable":true,"href":"https:\/\/verdadincomodadiario.ar\/index.php?rest_route=%2Fwp%2Fv2%2Fcomments&post=21237"}],"version-history":[{"count":0,"href":"https:\/\/verdadincomodadiario.ar\/index.php?rest_route=\/wp\/v2\/posts\/21237\/revisions"}],"wp:featuredmedia":[{"embeddable":true,"href":"https:\/\/verdadincomodadiario.ar\/index.php?rest_route=\/wp\/v2\/media\/21238"}],"wp:attachment":[{"href":"https:\/\/verdadincomodadiario.ar\/index.php?rest_route=%2Fwp%2Fv2%2Fmedia&parent=21237"}],"wp:term":[{"taxonomy":"category","embeddable":true,"href":"https:\/\/verdadincomodadiario.ar\/index.php?rest_route=%2Fwp%2Fv2%2Fcategories&post=21237"},{"taxonomy":"post_tag","embeddable":true,"href":"https:\/\/verdadincomodadiario.ar\/index.php?rest_route=%2Fwp%2Fv2%2Ftags&post=21237"}],"curies":[{"name":"wp","href":"https:\/\/api.w.org\/{rel}","templated":true}]}}