{"id":21235,"date":"2026-04-28T16:23:58","date_gmt":"2026-04-28T16:23:58","guid":{"rendered":"https:\/\/verdadincomodadiario.ar\/?p=21235"},"modified":"2026-04-28T16:23:58","modified_gmt":"2026-04-28T16:23:58","slug":"jose-mourinho-seria-el-principal-apuntado-por-florentino-perez-para-asumir-como-dt-del-real-madrid","status":"publish","type":"post","link":"https:\/\/verdadincomodadiario.ar\/?p=21235","title":{"rendered":"Jos\u00e9 Mourinho ser\u00eda el principal apuntado por Florentino P\u00e9rez para asumir como DT del Real Madrid"},"content":{"rendered":"<p>El entrenador portugu\u00e9s aparece como el favorito de la dirigencia madrile\u00f1a para reemplazar a \u00c1lvaro Arbeloa<\/p>\n","protected":false},"excerpt":{"rendered":"<p>El entrenador portugu\u00e9s aparece como el favorito de la dirigencia madrile\u00f1a para reemplazar a \u00c1lvaro Arbeloa<\/p>\n","protected":false},"author":2,"featured_media":21236,"comment_status":"open","ping_status":"open","sticky":false,"template":"","format":"standard","meta":{"_et_pb_use_builder":"","_et_pb_old_content":"","_et_gb_content_width":"","footnotes":""},"categories":[78],"tags":[],"class_list":["post-21235","post","type-post","status-publish","format-standard","has-post-thumbnail","hentry","category-deportes"],"_links":{"self":[{"href":"https:\/\/verdadincomodadiario.ar\/index.php?rest_route=\/wp\/v2\/posts\/21235","targetHints":{"allow":["GET"]}}],"collection":[{"href":"https:\/\/verdadincomodadiario.ar\/index.php?rest_route=\/wp\/v2\/posts"}],"about":[{"href":"https:\/\/verdadincomodadiario.ar\/index.php?rest_route=\/wp\/v2\/types\/post"}],"author":[{"embeddable":true,"href":"https:\/\/verdadincomodadiario.ar\/index.php?rest_route=\/wp\/v2\/users\/2"}],"replies":[{"embeddable":true,"href":"https:\/\/verdadincomodadiario.ar\/index.php?rest_route=%2Fwp%2Fv2%2Fcomments&post=21235"}],"version-history":[{"count":0,"href":"https:\/\/verdadincomodadiario.ar\/index.php?rest_route=\/wp\/v2\/posts\/21235\/revisions"}],"wp:featuredmedia":[{"embeddable":true,"href":"https:\/\/verdadincomodadiario.ar\/index.php?rest_route=\/wp\/v2\/media\/21236"}],"wp:attachment":[{"href":"https:\/\/verdadincomodadiario.ar\/index.php?rest_route=%2Fwp%2Fv2%2Fmedia&parent=21235"}],"wp:term":[{"taxonomy":"category","embeddable":true,"href":"https:\/\/verdadincomodadiario.ar\/index.php?rest_route=%2Fwp%2Fv2%2Fcategories&post=21235"},{"taxonomy":"post_tag","embeddable":true,"href":"https:\/\/verdadincomodadiario.ar\/index.php?rest_route=%2Fwp%2Fv2%2Ftags&post=21235"}],"curies":[{"name":"wp","href":"https:\/\/api.w.org\/{rel}","templated":true}]}}