{"id":21225,"date":"2026-04-28T04:24:37","date_gmt":"2026-04-28T04:24:37","guid":{"rendered":"https:\/\/verdadincomodadiario.ar\/?p=21225"},"modified":"2026-04-28T04:24:37","modified_gmt":"2026-04-28T04:24:37","slug":"merz-plantea-que-ucrania-podria-ceder-territorio-a-cambio-de-integrarse-a-la-union-europea","status":"publish","type":"post","link":"https:\/\/verdadincomodadiario.ar\/?p=21225","title":{"rendered":"Merz plantea que Ucrania podr\u00eda ceder territorio a cambio de integrarse a la Uni\u00f3n Europea"},"content":{"rendered":"<p>El canciller alem\u00e1n asegur\u00f3 que Kiev podr\u00eda verse obligada a ceder parte de sus territorios como esfuerzo para integrarse a la Uni\u00f3n Europea.<\/p>\n","protected":false},"excerpt":{"rendered":"<p>El canciller alem\u00e1n asegur\u00f3 que Kiev podr\u00eda verse obligada a ceder parte de sus territorios como esfuerzo para integrarse a la Uni\u00f3n Europea.<\/p>\n","protected":false},"author":2,"featured_media":21226,"comment_status":"open","ping_status":"open","sticky":false,"template":"","format":"standard","meta":{"_et_pb_use_builder":"","_et_pb_old_content":"","_et_gb_content_width":"","footnotes":""},"categories":[79,1572,428],"tags":[],"class_list":["post-21225","post","type-post","status-publish","format-standard","has-post-thumbnail","hentry","category-internacionales","category-plantea","category-ucrania"],"_links":{"self":[{"href":"https:\/\/verdadincomodadiario.ar\/index.php?rest_route=\/wp\/v2\/posts\/21225","targetHints":{"allow":["GET"]}}],"collection":[{"href":"https:\/\/verdadincomodadiario.ar\/index.php?rest_route=\/wp\/v2\/posts"}],"about":[{"href":"https:\/\/verdadincomodadiario.ar\/index.php?rest_route=\/wp\/v2\/types\/post"}],"author":[{"embeddable":true,"href":"https:\/\/verdadincomodadiario.ar\/index.php?rest_route=\/wp\/v2\/users\/2"}],"replies":[{"embeddable":true,"href":"https:\/\/verdadincomodadiario.ar\/index.php?rest_route=%2Fwp%2Fv2%2Fcomments&post=21225"}],"version-history":[{"count":0,"href":"https:\/\/verdadincomodadiario.ar\/index.php?rest_route=\/wp\/v2\/posts\/21225\/revisions"}],"wp:featuredmedia":[{"embeddable":true,"href":"https:\/\/verdadincomodadiario.ar\/index.php?rest_route=\/wp\/v2\/media\/21226"}],"wp:attachment":[{"href":"https:\/\/verdadincomodadiario.ar\/index.php?rest_route=%2Fwp%2Fv2%2Fmedia&parent=21225"}],"wp:term":[{"taxonomy":"category","embeddable":true,"href":"https:\/\/verdadincomodadiario.ar\/index.php?rest_route=%2Fwp%2Fv2%2Fcategories&post=21225"},{"taxonomy":"post_tag","embeddable":true,"href":"https:\/\/verdadincomodadiario.ar\/index.php?rest_route=%2Fwp%2Fv2%2Ftags&post=21225"}],"curies":[{"name":"wp","href":"https:\/\/api.w.org\/{rel}","templated":true}]}}