{"id":21221,"date":"2026-04-28T03:24:47","date_gmt":"2026-04-28T03:24:47","guid":{"rendered":"https:\/\/verdadincomodadiario.ar\/?p=21221"},"modified":"2026-04-28T03:24:47","modified_gmt":"2026-04-28T03:24:47","slug":"sturzenegger-apunto-contra-los-colegios-inmobiliarios-y-anticipo-mas-desregulacion","status":"publish","type":"post","link":"https:\/\/verdadincomodadiario.ar\/?p=21221","title":{"rendered":"Sturzenegger apunt\u00f3 contra los colegios inmobiliarios y anticip\u00f3 m\u00e1s desregulaci\u00f3n"},"content":{"rendered":"<p>El ministro cuestion\u00f3 los honorarios m\u00ednimos y las barreras de entrada del sector, defendi\u00f3 la derogaci\u00f3n de la ley de alquileres y adelant\u00f3 un paquete legislativo para profundizar la desregulaci\u00f3n.<\/p>\n","protected":false},"excerpt":{"rendered":"<p>El ministro cuestion\u00f3 los honorarios m\u00ednimos y las barreras de entrada del sector, defendi\u00f3 la derogaci\u00f3n de la ley de alquileres y adelant\u00f3 un paquete legislativo para profundizar la desregulaci\u00f3n.<\/p>\n","protected":false},"author":2,"featured_media":21222,"comment_status":"open","ping_status":"open","sticky":false,"template":"","format":"standard","meta":{"_et_pb_use_builder":"","_et_pb_old_content":"","_et_gb_content_width":"","footnotes":""},"categories":[81],"tags":[],"class_list":["post-21221","post","type-post","status-publish","format-standard","has-post-thumbnail","hentry","category-politica"],"_links":{"self":[{"href":"https:\/\/verdadincomodadiario.ar\/index.php?rest_route=\/wp\/v2\/posts\/21221","targetHints":{"allow":["GET"]}}],"collection":[{"href":"https:\/\/verdadincomodadiario.ar\/index.php?rest_route=\/wp\/v2\/posts"}],"about":[{"href":"https:\/\/verdadincomodadiario.ar\/index.php?rest_route=\/wp\/v2\/types\/post"}],"author":[{"embeddable":true,"href":"https:\/\/verdadincomodadiario.ar\/index.php?rest_route=\/wp\/v2\/users\/2"}],"replies":[{"embeddable":true,"href":"https:\/\/verdadincomodadiario.ar\/index.php?rest_route=%2Fwp%2Fv2%2Fcomments&post=21221"}],"version-history":[{"count":0,"href":"https:\/\/verdadincomodadiario.ar\/index.php?rest_route=\/wp\/v2\/posts\/21221\/revisions"}],"wp:featuredmedia":[{"embeddable":true,"href":"https:\/\/verdadincomodadiario.ar\/index.php?rest_route=\/wp\/v2\/media\/21222"}],"wp:attachment":[{"href":"https:\/\/verdadincomodadiario.ar\/index.php?rest_route=%2Fwp%2Fv2%2Fmedia&parent=21221"}],"wp:term":[{"taxonomy":"category","embeddable":true,"href":"https:\/\/verdadincomodadiario.ar\/index.php?rest_route=%2Fwp%2Fv2%2Fcategories&post=21221"},{"taxonomy":"post_tag","embeddable":true,"href":"https:\/\/verdadincomodadiario.ar\/index.php?rest_route=%2Fwp%2Fv2%2Ftags&post=21221"}],"curies":[{"name":"wp","href":"https:\/\/api.w.org\/{rel}","templated":true}]}}