{"id":21217,"date":"2026-04-28T03:24:42","date_gmt":"2026-04-28T03:24:42","guid":{"rendered":"https:\/\/verdadincomodadiario.ar\/?p=21217"},"modified":"2026-04-28T03:24:42","modified_gmt":"2026-04-28T03:24:42","slug":"el-senador-democrata-john-fetterman-rompio-con-el-partido-democrata-y-apoyo-a-donald-trump","status":"publish","type":"post","link":"https:\/\/verdadincomodadiario.ar\/?p=21217","title":{"rendered":"El senador dem\u00f3crata John Fetterman rompi\u00f3 con el Partido Dem\u00f3crata y apoy\u00f3 a Donald Trump"},"content":{"rendered":"<p>Luego de un nuevo atentado por parte de un perturbado dem\u00f3crata contra el presidente Trump, el senador de Pensilvania brind\u00f3 su apoyo total al republicano.<\/p>\n","protected":false},"excerpt":{"rendered":"<p>Luego de un nuevo atentado por parte de un perturbado dem\u00f3crata contra el presidente Trump, el senador de Pensilvania brind\u00f3 su apoyo total al republicano.<\/p>\n","protected":false},"author":2,"featured_media":21218,"comment_status":"open","ping_status":"open","sticky":false,"template":"","format":"standard","meta":{"_et_pb_use_builder":"","_et_pb_old_content":"","_et_gb_content_width":"","footnotes":""},"categories":[398,79,116],"tags":[],"class_list":["post-21217","post","type-post","status-publish","format-standard","has-post-thumbnail","hentry","category-democrata","category-internacionales","category-senador"],"_links":{"self":[{"href":"https:\/\/verdadincomodadiario.ar\/index.php?rest_route=\/wp\/v2\/posts\/21217","targetHints":{"allow":["GET"]}}],"collection":[{"href":"https:\/\/verdadincomodadiario.ar\/index.php?rest_route=\/wp\/v2\/posts"}],"about":[{"href":"https:\/\/verdadincomodadiario.ar\/index.php?rest_route=\/wp\/v2\/types\/post"}],"author":[{"embeddable":true,"href":"https:\/\/verdadincomodadiario.ar\/index.php?rest_route=\/wp\/v2\/users\/2"}],"replies":[{"embeddable":true,"href":"https:\/\/verdadincomodadiario.ar\/index.php?rest_route=%2Fwp%2Fv2%2Fcomments&post=21217"}],"version-history":[{"count":0,"href":"https:\/\/verdadincomodadiario.ar\/index.php?rest_route=\/wp\/v2\/posts\/21217\/revisions"}],"wp:featuredmedia":[{"embeddable":true,"href":"https:\/\/verdadincomodadiario.ar\/index.php?rest_route=\/wp\/v2\/media\/21218"}],"wp:attachment":[{"href":"https:\/\/verdadincomodadiario.ar\/index.php?rest_route=%2Fwp%2Fv2%2Fmedia&parent=21217"}],"wp:term":[{"taxonomy":"category","embeddable":true,"href":"https:\/\/verdadincomodadiario.ar\/index.php?rest_route=%2Fwp%2Fv2%2Fcategories&post=21217"},{"taxonomy":"post_tag","embeddable":true,"href":"https:\/\/verdadincomodadiario.ar\/index.php?rest_route=%2Fwp%2Fv2%2Ftags&post=21217"}],"curies":[{"name":"wp","href":"https:\/\/api.w.org\/{rel}","templated":true}]}}