{"id":2121,"date":"2025-04-14T15:23:59","date_gmt":"2025-04-14T15:23:59","guid":{"rendered":"https:\/\/verdadincomodadiario.ar\/?p=2121"},"modified":"2025-04-14T15:23:59","modified_gmt":"2025-04-14T15:23:59","slug":"mercados-euforicos-tras-el-fin-del-cepo-bonos-y-acciones-suben-hasta-20-en-eeuu","status":"publish","type":"post","link":"https:\/\/verdadincomodadiario.ar\/?p=2121","title":{"rendered":"Mercados euf\u00f3ricos tras el fin del cepo: bonos y acciones suben hasta 20% en EEUU"},"content":{"rendered":"<p><strong>La eliminaci\u00f3n del <a href=\"https:\/\/derechadiario.com.ar\/negocios-finanzas\/fin-del-cepo-como-impacta-las-billeteras-virtuales-como-mercado-pago-y-uala\" title=\"Fin del cepo: c\u00f3mo impacta en las billeteras virtuales como Mercado Pago y Ual\u00e1\">cepo<\/a> cambiario anunciada por el Gobierno gener\u00f3 un impacto inmediato y contundente en los mercados financieros.<\/strong><\/p>\n<p>A media ma\u00f1ana de este lunes, <strong>las acciones y bonos argentinos mostraban alzas de dos d\u00edgitos<\/strong>, tanto en la Bolsa de Nueva York como en la Bolsa de Comercio de Buenos Aires, en un claro respaldo de los inversores a la nueva etapa econ\u00f3mica.<\/p>\n<h2><strong>Rally de los ADR argentinos en Wall Street<\/strong><\/h2>\n<p>A las 11:20 horas, los ADR (American Depositary Receipts) de empresas argentinas en Wall Street registraban fuertes subas:<\/p>\n<ul>\n<li>Banco Supervielle: +20,7%<\/li>\n<li>Banco Macro: +19,5%<\/li>\n<li>Transportadora Gas del Sur: +18,9%<\/li>\n<\/ul>\n<p>Este repunte anticipado, incluso antes de la apertura oficial de la rueda en la Bolsa local, \u00a0<strong>refleja la renovada confianza del mercado en el rumbo econ\u00f3mico.<\/strong><\/p>\n<div class=\"inter_image image_horizontal\">\n<picture><source class=\"img-responsive\" type=\"image\/webp\" data-srcset=\"\/filesedc\/uploads\/image\/post\/screenshot-2025-04-14-115532_300_200.webp 300w, \n\/filesedc\/uploads\/image\/post\/screenshot-2025-04-14-115532_630_420.webp 630w,\n                                \/filesedc\/uploads\/image\/post\/screenshot-2025-04-14-115532_760_507.webp 760w,\n                                \/filesedc\/uploads\/image\/post\/screenshot-2025-04-14-115532_1200_800.webp 1200w,\n                                \/filesedc\/uploads\/image\/post\/screenshot-2025-04-14-115532_1600_1067.webp 1600w\"><img decoding=\"async\" src=\"https:\/\/derechadiario.com.ar\/filesedc\/uploads\/image\/post\/screenshot-2025-04-14-115532_1200_800.webp\" class=\"img-responsive lazyload\" alt=\"Un grupo de personas vestidas de manera formal sonr\u00ede en un entorno de negocios con pantallas de informaci\u00f3n financiera al fondo.\" title=\"Un grupo de personas vestidas de manera formal sonr\u00ede en un entorno de negocios con pantallas de informaci\u00f3n financiera al fondo.\"><\/picture>\n<div>\n<span class=\"img_footer\">Mercados euf\u00f3ricos tras el fin del cepo: bonos y acciones suben hasta 20% en EEUU <\/span>| <span class=\"img_author\">La Derecha Diario<\/span>\n<\/div>\n<\/div>\n<p>En paralelo, <strong>el \u00edndice S&#038;P Merval escalaba un 4%, ubic\u00e1ndose en 2.340.000 puntos, con variaciones positivas generalizadas que marcaron un tono optimista para el d\u00eda.<\/strong><\/p>\n<h2><strong>Bonos en d\u00f3lares tambi\u00e9n se disparan<\/strong><\/h2>\n<p>Los t\u00edtulos p\u00fablicos argentinos nominados en d\u00f3lares, tanto Bonares como Globales, tambi\u00e9n mostraban una importante recuperaci\u00f3n, <strong>con un promedio de suba del 8%<\/strong>. Entre los papeles m\u00e1s destacados:<\/p>\n<ul>\n<li>AE38 (Bonar 2038): +11,6%<\/li>\n<li>GD35 (Global 2035): +10,5%<\/li>\n<li>AL35 (Bonar 2035): +10,4%<\/li>\n<\/ul>\n<p><strong>Este comportamiento refleja el renovado inter\u00e9s de los inversores por los activos argentinos<\/strong>, alentados por un nuevo contexto econ\u00f3mico sin cepo cambiario, que podr\u00eda facilitar el ingreso de capitales, reducir la brecha cambiaria y mejorar la previsibilidad macroecon\u00f3mica.<\/p>\n<figure><img decoding=\"async\" src=\"https:\/\/derechadiario.com.ar\/filesedc\/uploads\/image\/post\/screenshot-2025-04-14-115524_1200_800.webp\" class=\"img-responsive lazyload\" alt=\"Un hombre sonriente con un mazo en la mano en un evento en la Bolsa de Nueva York.\" title=\"Un hombre sonriente con un mazo en la mano en un evento en la Bolsa de Nueva York.\"><\/figure>\n<aside class=\"whatsappChannelText\"><a href=\"https:\/\/whatsapp.com\/channel\/0029VagEjILGE56eKjedWF2U\" rel=\"nofollow\" title=\"WhatsApp Link\"><img alt=\"Logo de WhatsApp\" class=\"lazyload\" data-src=\"https:\/\/derechadiario.com.ar\/filesedc\/uploads\/other\/whatsapp_icon_mid_article.png\" width=\"32\" height=\"32\"><\/a> <a href=\"https:\/\/whatsapp.com\/channel\/0029VagEjILGE56eKjedWF2U\" rel=\"nofollow\" title=\"WhatsApp Link\"><strong>NO SE PIERDAN NINGUNA NOTICIA<\/strong>: Click aqu\u00ed para sumarte <strong>GRATIS<\/strong> al canal de noticias de <strong>La Derecha Diario en WhatsApp.<\/strong><\/a><\/aside>\n<h2><strong>Un cambio de clima para los mercados<\/strong><\/h2>\n<p><strong>El levantamiento del <a href=\"https:\/\/derechadiario.com.ar\/economia\/decir-que-milei-devaluo-al-levantar-cepo-pura-deshonestidad-intelectual\" title=\"Decir que Milei devalu\u00f3 al levantar el cepo es pura deshonestidad intelectual\">cepo<\/a> se da en un momento clave, luego de semanas de alta tensi\u00f3n financiera<\/strong>. Los mercados perciben esta medida como un paso hacia la normalizaci\u00f3n del sistema cambiario, lo que podr\u00eda favorecer la <strong>atracci\u00f3n de inversiones y la valorizaci\u00f3n de activos locales.<\/strong><\/p>\n<p><strong>\u201cDetr\u00e1s de la mejora en las reservas del BCRA est\u00e1n la baja de la inflaci\u00f3n y de la pobreza\u201d, sostuvo Federico Furiase, director del Banco Central, en declaraciones radiales.<\/strong>\u00a0 Seg\u00fan el funcionario, estos factores son claves para estabilizar la econom\u00eda y generar un entorno propicio para los mercados.<\/p>\n<p>Con los inversores a\u00fan atentos al desarrollo completo de la jornada y a la letra chica de las nuevas disposiciones, \u00a0<strong>la respuesta inicial ha sido ampliamente favorable, alimentando expectativas de una posible recuperaci\u00f3n sostenida.<\/strong><\/p>\n","protected":false},"excerpt":{"rendered":"<p>La eliminaci\u00f3n del cepo cambiario anunciada por el Gobierno gener\u00f3 un impacto inmediato y contundente en los mercados financieros. A media ma\u00f1ana de este lunes, las acciones y bonos argentinos mostraban alzas de dos d\u00edgitos, tanto en la Bolsa de Nueva York como en la Bolsa de Comercio de Buenos Aires, en un claro respaldo [&hellip;]<\/p>\n","protected":false},"author":2,"featured_media":2122,"comment_status":"open","ping_status":"open","sticky":false,"template":"","format":"standard","meta":{"_et_pb_use_builder":"","_et_pb_old_content":"","_et_gb_content_width":"","footnotes":""},"categories":[80],"tags":[],"class_list":["post-2121","post","type-post","status-publish","format-standard","has-post-thumbnail","hentry","category-economia-2"],"_links":{"self":[{"href":"https:\/\/verdadincomodadiario.ar\/index.php?rest_route=\/wp\/v2\/posts\/2121","targetHints":{"allow":["GET"]}}],"collection":[{"href":"https:\/\/verdadincomodadiario.ar\/index.php?rest_route=\/wp\/v2\/posts"}],"about":[{"href":"https:\/\/verdadincomodadiario.ar\/index.php?rest_route=\/wp\/v2\/types\/post"}],"author":[{"embeddable":true,"href":"https:\/\/verdadincomodadiario.ar\/index.php?rest_route=\/wp\/v2\/users\/2"}],"replies":[{"embeddable":true,"href":"https:\/\/verdadincomodadiario.ar\/index.php?rest_route=%2Fwp%2Fv2%2Fcomments&post=2121"}],"version-history":[{"count":0,"href":"https:\/\/verdadincomodadiario.ar\/index.php?rest_route=\/wp\/v2\/posts\/2121\/revisions"}],"wp:featuredmedia":[{"embeddable":true,"href":"https:\/\/verdadincomodadiario.ar\/index.php?rest_route=\/wp\/v2\/media\/2122"}],"wp:attachment":[{"href":"https:\/\/verdadincomodadiario.ar\/index.php?rest_route=%2Fwp%2Fv2%2Fmedia&parent=2121"}],"wp:term":[{"taxonomy":"category","embeddable":true,"href":"https:\/\/verdadincomodadiario.ar\/index.php?rest_route=%2Fwp%2Fv2%2Fcategories&post=2121"},{"taxonomy":"post_tag","embeddable":true,"href":"https:\/\/verdadincomodadiario.ar\/index.php?rest_route=%2Fwp%2Fv2%2Ftags&post=2121"}],"curies":[{"name":"wp","href":"https:\/\/api.w.org\/{rel}","templated":true}]}}