{"id":21207,"date":"2026-04-27T23:24:32","date_gmt":"2026-04-27T23:24:32","guid":{"rendered":"https:\/\/verdadincomodadiario.ar\/?p=21207"},"modified":"2026-04-27T23:24:32","modified_gmt":"2026-04-27T23:24:32","slug":"la-afd-lidera-por-primera-vez-en-alemania-y-golpea-al-gobierno-de-merz","status":"publish","type":"post","link":"https:\/\/verdadincomodadiario.ar\/?p=21207","title":{"rendered":"La AfD lidera por primera vez en Alemania y golpea al gobierno de Merz"},"content":{"rendered":"<p>El desplome del oficialismo alem\u00e1n y el rechazo a la inmigraci\u00f3n ilegal marcan un cambio de clima pol\u00edtico en el pa\u00eds.<\/p>\n","protected":false},"excerpt":{"rendered":"<p>El desplome del oficialismo alem\u00e1n y el rechazo a la inmigraci\u00f3n ilegal marcan un cambio de clima pol\u00edtico en el pa\u00eds.<\/p>\n","protected":false},"author":2,"featured_media":21208,"comment_status":"open","ping_status":"open","sticky":false,"template":"","format":"standard","meta":{"_et_pb_use_builder":"","_et_pb_old_content":"","_et_gb_content_width":"","footnotes":""},"categories":[79,1547,805],"tags":[],"class_list":["post-21207","post","type-post","status-publish","format-standard","has-post-thumbnail","hentry","category-internacionales","category-lidera","category-primera"],"_links":{"self":[{"href":"https:\/\/verdadincomodadiario.ar\/index.php?rest_route=\/wp\/v2\/posts\/21207","targetHints":{"allow":["GET"]}}],"collection":[{"href":"https:\/\/verdadincomodadiario.ar\/index.php?rest_route=\/wp\/v2\/posts"}],"about":[{"href":"https:\/\/verdadincomodadiario.ar\/index.php?rest_route=\/wp\/v2\/types\/post"}],"author":[{"embeddable":true,"href":"https:\/\/verdadincomodadiario.ar\/index.php?rest_route=\/wp\/v2\/users\/2"}],"replies":[{"embeddable":true,"href":"https:\/\/verdadincomodadiario.ar\/index.php?rest_route=%2Fwp%2Fv2%2Fcomments&post=21207"}],"version-history":[{"count":0,"href":"https:\/\/verdadincomodadiario.ar\/index.php?rest_route=\/wp\/v2\/posts\/21207\/revisions"}],"wp:featuredmedia":[{"embeddable":true,"href":"https:\/\/verdadincomodadiario.ar\/index.php?rest_route=\/wp\/v2\/media\/21208"}],"wp:attachment":[{"href":"https:\/\/verdadincomodadiario.ar\/index.php?rest_route=%2Fwp%2Fv2%2Fmedia&parent=21207"}],"wp:term":[{"taxonomy":"category","embeddable":true,"href":"https:\/\/verdadincomodadiario.ar\/index.php?rest_route=%2Fwp%2Fv2%2Fcategories&post=21207"},{"taxonomy":"post_tag","embeddable":true,"href":"https:\/\/verdadincomodadiario.ar\/index.php?rest_route=%2Fwp%2Fv2%2Ftags&post=21207"}],"curies":[{"name":"wp","href":"https:\/\/api.w.org\/{rel}","templated":true}]}}