{"id":21199,"date":"2026-04-27T22:23:54","date_gmt":"2026-04-27T22:23:54","guid":{"rendered":"https:\/\/verdadincomodadiario.ar\/?p=21199"},"modified":"2026-04-27T22:23:54","modified_gmt":"2026-04-27T22:23:54","slug":"cole-allen-fue-formalmente-imputado-por-el-ataque-a-donald-trump-y-se-enfrenta-a-la-pena-perpetua","status":"publish","type":"post","link":"https:\/\/verdadincomodadiario.ar\/?p=21199","title":{"rendered":"Cole Allen fue formalmente imputado por el ataque a Donald Trump y se enfrenta a la pena perpetua"},"content":{"rendered":"<p>El Departamento de Justicia present\u00f3 los cargos contra el militante dem\u00f3crata que intent\u00f3 irrumpir armado en la Cena de Corresponsales.<\/p>\n","protected":false},"excerpt":{"rendered":"<p>El Departamento de Justicia present\u00f3 los cargos contra el militante dem\u00f3crata que intent\u00f3 irrumpir armado en la Cena de Corresponsales.<\/p>\n","protected":false},"author":2,"featured_media":21200,"comment_status":"open","ping_status":"open","sticky":false,"template":"","format":"standard","meta":{"_et_pb_use_builder":"","_et_pb_old_content":"","_et_gb_content_width":"","footnotes":""},"categories":[1557,1568,79],"tags":[],"class_list":["post-21199","post","type-post","status-publish","format-standard","has-post-thumbnail","hentry","category-allen","category-formalmente","category-internacionales"],"_links":{"self":[{"href":"https:\/\/verdadincomodadiario.ar\/index.php?rest_route=\/wp\/v2\/posts\/21199","targetHints":{"allow":["GET"]}}],"collection":[{"href":"https:\/\/verdadincomodadiario.ar\/index.php?rest_route=\/wp\/v2\/posts"}],"about":[{"href":"https:\/\/verdadincomodadiario.ar\/index.php?rest_route=\/wp\/v2\/types\/post"}],"author":[{"embeddable":true,"href":"https:\/\/verdadincomodadiario.ar\/index.php?rest_route=\/wp\/v2\/users\/2"}],"replies":[{"embeddable":true,"href":"https:\/\/verdadincomodadiario.ar\/index.php?rest_route=%2Fwp%2Fv2%2Fcomments&post=21199"}],"version-history":[{"count":0,"href":"https:\/\/verdadincomodadiario.ar\/index.php?rest_route=\/wp\/v2\/posts\/21199\/revisions"}],"wp:featuredmedia":[{"embeddable":true,"href":"https:\/\/verdadincomodadiario.ar\/index.php?rest_route=\/wp\/v2\/media\/21200"}],"wp:attachment":[{"href":"https:\/\/verdadincomodadiario.ar\/index.php?rest_route=%2Fwp%2Fv2%2Fmedia&parent=21199"}],"wp:term":[{"taxonomy":"category","embeddable":true,"href":"https:\/\/verdadincomodadiario.ar\/index.php?rest_route=%2Fwp%2Fv2%2Fcategories&post=21199"},{"taxonomy":"post_tag","embeddable":true,"href":"https:\/\/verdadincomodadiario.ar\/index.php?rest_route=%2Fwp%2Fv2%2Ftags&post=21199"}],"curies":[{"name":"wp","href":"https:\/\/api.w.org\/{rel}","templated":true}]}}