{"id":21195,"date":"2026-04-27T20:24:27","date_gmt":"2026-04-27T20:24:27","guid":{"rendered":"https:\/\/verdadincomodadiario.ar\/?p=21195"},"modified":"2026-04-27T20:24:27","modified_gmt":"2026-04-27T20:24:27","slug":"atento-boca-celtic-estaria-interesado-en-comprar-a-marcelo-saracchi","status":"publish","type":"post","link":"https:\/\/verdadincomodadiario.ar\/?p=21195","title":{"rendered":"Atento Boca: Celtic estar\u00eda interesado en comprar a Marcelo Saracchi"},"content":{"rendered":"<p>El lateral uruguayo actualmente est\u00e1 a pr\u00e9stamo en el conjunto escoc\u00e9s y su venta podr\u00eda liberar un cupo de extranjero<\/p>\n","protected":false},"excerpt":{"rendered":"<p>El lateral uruguayo actualmente est\u00e1 a pr\u00e9stamo en el conjunto escoc\u00e9s y su venta podr\u00eda liberar un cupo de extranjero<\/p>\n","protected":false},"author":2,"featured_media":21196,"comment_status":"open","ping_status":"open","sticky":false,"template":"","format":"standard","meta":{"_et_pb_use_builder":"","_et_pb_old_content":"","_et_gb_content_width":"","footnotes":""},"categories":[78],"tags":[],"class_list":["post-21195","post","type-post","status-publish","format-standard","has-post-thumbnail","hentry","category-deportes"],"_links":{"self":[{"href":"https:\/\/verdadincomodadiario.ar\/index.php?rest_route=\/wp\/v2\/posts\/21195","targetHints":{"allow":["GET"]}}],"collection":[{"href":"https:\/\/verdadincomodadiario.ar\/index.php?rest_route=\/wp\/v2\/posts"}],"about":[{"href":"https:\/\/verdadincomodadiario.ar\/index.php?rest_route=\/wp\/v2\/types\/post"}],"author":[{"embeddable":true,"href":"https:\/\/verdadincomodadiario.ar\/index.php?rest_route=\/wp\/v2\/users\/2"}],"replies":[{"embeddable":true,"href":"https:\/\/verdadincomodadiario.ar\/index.php?rest_route=%2Fwp%2Fv2%2Fcomments&post=21195"}],"version-history":[{"count":0,"href":"https:\/\/verdadincomodadiario.ar\/index.php?rest_route=\/wp\/v2\/posts\/21195\/revisions"}],"wp:featuredmedia":[{"embeddable":true,"href":"https:\/\/verdadincomodadiario.ar\/index.php?rest_route=\/wp\/v2\/media\/21196"}],"wp:attachment":[{"href":"https:\/\/verdadincomodadiario.ar\/index.php?rest_route=%2Fwp%2Fv2%2Fmedia&parent=21195"}],"wp:term":[{"taxonomy":"category","embeddable":true,"href":"https:\/\/verdadincomodadiario.ar\/index.php?rest_route=%2Fwp%2Fv2%2Fcategories&post=21195"},{"taxonomy":"post_tag","embeddable":true,"href":"https:\/\/verdadincomodadiario.ar\/index.php?rest_route=%2Fwp%2Fv2%2Ftags&post=21195"}],"curies":[{"name":"wp","href":"https:\/\/api.w.org\/{rel}","templated":true}]}}