{"id":21191,"date":"2026-04-27T20:24:15","date_gmt":"2026-04-27T20:24:15","guid":{"rendered":"https:\/\/verdadincomodadiario.ar\/?p=21191"},"modified":"2026-04-27T20:24:15","modified_gmt":"2026-04-27T20:24:15","slug":"estados-unidos-y-venezuela-contrataron-firmas-independientes-para-auditar-las-finanzas-del-bcv","status":"publish","type":"post","link":"https:\/\/verdadincomodadiario.ar\/?p=21191","title":{"rendered":"Estados Unidos y Venezuela contrataron firmas independientes para auditar las finanzas del BCV"},"content":{"rendered":"<p>El acuerdo prev\u00e9 auditor\u00edas sobre las cuentas internacionales del BCV, la intervenci\u00f3n cambiaria y la asignaci\u00f3n de divisas, con control binacional.<\/p>\n","protected":false},"excerpt":{"rendered":"<p>El acuerdo prev\u00e9 auditor\u00edas sobre las cuentas internacionales del BCV, la intervenci\u00f3n cambiaria y la asignaci\u00f3n de divisas, con control binacional.<\/p>\n","protected":false},"author":2,"featured_media":21192,"comment_status":"open","ping_status":"open","sticky":false,"template":"","format":"standard","meta":{"_et_pb_use_builder":"","_et_pb_old_content":"","_et_gb_content_width":"","footnotes":""},"categories":[122,79,123],"tags":[],"class_list":["post-21191","post","type-post","status-publish","format-standard","has-post-thumbnail","hentry","category-estados","category-internacionales","category-unidos"],"_links":{"self":[{"href":"https:\/\/verdadincomodadiario.ar\/index.php?rest_route=\/wp\/v2\/posts\/21191","targetHints":{"allow":["GET"]}}],"collection":[{"href":"https:\/\/verdadincomodadiario.ar\/index.php?rest_route=\/wp\/v2\/posts"}],"about":[{"href":"https:\/\/verdadincomodadiario.ar\/index.php?rest_route=\/wp\/v2\/types\/post"}],"author":[{"embeddable":true,"href":"https:\/\/verdadincomodadiario.ar\/index.php?rest_route=\/wp\/v2\/users\/2"}],"replies":[{"embeddable":true,"href":"https:\/\/verdadincomodadiario.ar\/index.php?rest_route=%2Fwp%2Fv2%2Fcomments&post=21191"}],"version-history":[{"count":0,"href":"https:\/\/verdadincomodadiario.ar\/index.php?rest_route=\/wp\/v2\/posts\/21191\/revisions"}],"wp:featuredmedia":[{"embeddable":true,"href":"https:\/\/verdadincomodadiario.ar\/index.php?rest_route=\/wp\/v2\/media\/21192"}],"wp:attachment":[{"href":"https:\/\/verdadincomodadiario.ar\/index.php?rest_route=%2Fwp%2Fv2%2Fmedia&parent=21191"}],"wp:term":[{"taxonomy":"category","embeddable":true,"href":"https:\/\/verdadincomodadiario.ar\/index.php?rest_route=%2Fwp%2Fv2%2Fcategories&post=21191"},{"taxonomy":"post_tag","embeddable":true,"href":"https:\/\/verdadincomodadiario.ar\/index.php?rest_route=%2Fwp%2Fv2%2Ftags&post=21191"}],"curies":[{"name":"wp","href":"https:\/\/api.w.org\/{rel}","templated":true}]}}