{"id":2119,"date":"2025-04-14T15:24:00","date_gmt":"2025-04-14T15:24:00","guid":{"rendered":"https:\/\/verdadincomodadiario.ar\/?p=2119"},"modified":"2025-04-14T15:24:00","modified_gmt":"2025-04-14T15:24:00","slug":"argentina-lng-ypf-y-eni-firman-memorando-clave-para-exportar-gas-de-vaca-muerta","status":"publish","type":"post","link":"https:\/\/verdadincomodadiario.ar\/?p=2119","title":{"rendered":"Argentina LNG: YPF y Eni firman memorando clave para exportar gas de Vaca Muerta"},"content":{"rendered":"<p><strong>La petrolera estatal <a href=\"https:\/\/derechadiario.com.ar\/economia\/ypf-podria-bajar-precio-nafta-gracias-caida-del-petroleo\" title=\"YPF podr\u00eda bajar el precio de la nafta, gracias a la ca\u00edda del petr\u00f3leo\">YPF<\/a> y la energ\u00e9tica italiana Eni firmaron un Memorando de Entendimiento (MOU) para avanzar en una nueva etapa del ambicioso proyecto Argentina LNG<\/strong>, que tiene como objetivo convertir al pa\u00eds en un proveedor global confiable de gas natural licuado (GNL).<\/p>\n<div class=\"text-center\">\n<h3 class=\"dailyMotionTitle\">YPF sell\u00f3 un nuevo acuerdo para avanzar con el desarrollo de Vaca Muerta<\/h3>\n<aside>\n<figure class=\"op-interactive\"><\/figure>\n<\/aside>\n<\/div>\n<h2><strong>Un acuerdo estrat\u00e9gico para exportar gas de Vaca Muerta<\/strong><\/h2>\n<p>El acuerdo fue rubricado por el presidente y CEO de <a href=\"https:\/\/derechadiario.com.ar\/economia\/ypf-presento-su-plan-estrategico-wall-street-y-confirmo-su-apuesta-por-vaca-muerta\" title=\"YPF present\u00f3 su plan estrat\u00e9gico en Wall Street y confirm\u00f3 su apuesta por Vaca Muerta\">YPF<\/a>, <strong>Horacio Mar\u00edn<\/strong>, y el CEO de Eni, \u00a0<strong>Claudio Descalzi<\/strong>, y contempla el desarrollo integral de una fase del proyecto que incluye:<\/p>\n<ul>\n<li>La producci\u00f3n de gas en Vaca Muerta<\/li>\n<li>Su transporte<\/li>\n<li>La licuefacci\u00f3n mediante unidades flotantes<\/li>\n<li>Y la exportaci\u00f3n de GNL<\/li>\n<\/ul>\n<p>En concreto, <strong>se prev\u00e9 instalar dos unidades flotantes de licuefacci\u00f3n con una capacidad de 6 millones de toneladas por a\u00f1o (MTPA) cada una, lo que totaliza 12 MTPA<\/strong>, una cifra significativa para el comercio global de gas natural.<\/p>\n<aside class=\"are-you-interested-container-photo\"><\/aside>\n<p><strong>\u201cNos complace enormemente firmar este acuerdo con Eni, que nos permitir\u00e1 acelerar el cronograma del proyecto Argentina LNG<\/strong>. Vemos un gran inter\u00e9s mundial, tanto de grandes empresas como de pa\u00edses compradores de gas de Vaca Muerta\u201d, destac\u00f3 Horacio Mar\u00edn.<\/p>\n<p>Por su parte, Claudio Descalzi remarc\u00f3 que la elecci\u00f3n de Eni por parte de YPF <strong>\u201crefleja la experiencia y liderazgo global que hemos desarrollado en proyectos similares en Congo y Mozambique\u201d.<\/strong><\/p>\n<h2><strong>Potencial exportador para Argentina<\/strong><\/h2>\n<div class=\"inter_image image_horizontal\">\n<picture><source class=\"img-responsive\" type=\"image\/webp\" data-srcset=\"\/filesedc\/uploads\/image\/post\/screenshot-2025-04-14-120931_300_200.webp 300w, \n\/filesedc\/uploads\/image\/post\/screenshot-2025-04-14-120931_630_420.webp 630w,\n                                \/filesedc\/uploads\/image\/post\/screenshot-2025-04-14-120931_760_507.webp 760w,\n                                \/filesedc\/uploads\/image\/post\/screenshot-2025-04-14-120931_1200_800.webp 1200w,\n                                \/filesedc\/uploads\/image\/post\/screenshot-2025-04-14-120931_1600_1067.webp 1600w\"><img decoding=\"async\" src=\"https:\/\/derechadiario.com.ar\/filesedc\/uploads\/image\/post\/screenshot-2025-04-14-120931_1200_800.webp\" class=\"img-responsive lazyload\" alt=\"Tanques esf\u00e9ricos de almacenamiento de gas en una planta industrial junto al mar al atardecer.\" title=\"Tanques esf\u00e9ricos de almacenamiento de gas en una planta industrial junto al mar al atardecer.\"><\/picture>\n<div>\n<span class=\"img_footer\">Argentina LNG: YPF y Eni firman memorando clave para exportar gas de Vaca Muerta <\/span>| <span class=\"img_author\">La Derecha Diario<\/span>\n<\/div>\n<\/div>\n<p><strong>El proyecto Argentina LNG se presenta como un hito estrat\u00e9gico en la b\u00fasqueda de monetizar los vastos recursos de gas no convencional de Vaca Muerta.<\/strong> De concretarse en su totalidad, se estima que permitir\u00eda generar exportaciones por 30.000 millones de d\u00f3lares para 2030, una cifra clave para el desarrollo econ\u00f3mico del pa\u00eds.<\/p>\n<aside class=\"whatsappChannelText\"><a href=\"https:\/\/whatsapp.com\/channel\/0029VagEjILGE56eKjedWF2U\" rel=\"nofollow\" title=\"WhatsApp Link\"><img alt=\"Logo de WhatsApp\" class=\"lazyload\" data-src=\"https:\/\/derechadiario.com.ar\/filesedc\/uploads\/other\/whatsapp_icon_mid_article.png\" width=\"32\" height=\"32\"><\/a> <a href=\"https:\/\/whatsapp.com\/channel\/0029VagEjILGE56eKjedWF2U\" rel=\"nofollow\" title=\"WhatsApp Link\"><strong>NO SE PIERDAN NINGUNA NOTICIA<\/strong>: Click aqu\u00ed para sumarte <strong>GRATIS<\/strong> al canal de noticias de <strong>La Derecha Diario en WhatsApp.<\/strong><\/a><\/aside>\n<p>Adem\u00e1s, se enmarca en un escenario global favorable para el GNL, ya que:<\/p>\n<ul>\n<li>Representa m\u00e1s de un tercio del comercio mundial de gas<\/li>\n<li>Se proyecta que la demanda de GNL se duplicar\u00e1 para 2050<\/li>\n<\/ul>\n<p><strong>Este contexto posiciona al GNL como una fuente clave de energ\u00eda confiable<\/strong>, en medio de una creciente b\u00fasqueda por diversificar fuentes y reducir las emisiones contaminantes.<\/p>\n<h2><strong>Eni, una empresa con gran trayectoria en Italia y el mundo<\/strong><\/h2>\n<p><strong>Eni es una compa\u00f1\u00eda energ\u00e9tica global con sede en Italia.<\/strong>\u00a0 Con presencia en m\u00e1s de 60 pa\u00edses, opera en toda la cadena de <strong>valor energ\u00e9tica y ha consolidado su liderazgo en proyectos de GNL en diversas regiones del mundo.<\/strong><\/p>\n<p>Con este acuerdo, \u00a0<strong>YPF consolida su liderazgo en la concreci\u00f3n del proyecto Argentina LNG<\/strong> y fortalece su estrategia para que Argentina se convierta en un jugador relevante en el comercio global de energ\u00eda.<\/p>\n","protected":false},"excerpt":{"rendered":"<p>La petrolera estatal YPF y la energ\u00e9tica italiana Eni firmaron un Memorando de Entendimiento (MOU) para avanzar en una nueva etapa del ambicioso proyecto Argentina LNG, que tiene como objetivo convertir al pa\u00eds en un proveedor global confiable de gas natural licuado (GNL). YPF sell\u00f3 un nuevo acuerdo para avanzar con el desarrollo de Vaca [&hellip;]<\/p>\n","protected":false},"author":2,"featured_media":2120,"comment_status":"open","ping_status":"open","sticky":false,"template":"","format":"standard","meta":{"_et_pb_use_builder":"","_et_pb_old_content":"","_et_gb_content_width":"","footnotes":""},"categories":[80],"tags":[],"class_list":["post-2119","post","type-post","status-publish","format-standard","has-post-thumbnail","hentry","category-economia-2"],"_links":{"self":[{"href":"https:\/\/verdadincomodadiario.ar\/index.php?rest_route=\/wp\/v2\/posts\/2119","targetHints":{"allow":["GET"]}}],"collection":[{"href":"https:\/\/verdadincomodadiario.ar\/index.php?rest_route=\/wp\/v2\/posts"}],"about":[{"href":"https:\/\/verdadincomodadiario.ar\/index.php?rest_route=\/wp\/v2\/types\/post"}],"author":[{"embeddable":true,"href":"https:\/\/verdadincomodadiario.ar\/index.php?rest_route=\/wp\/v2\/users\/2"}],"replies":[{"embeddable":true,"href":"https:\/\/verdadincomodadiario.ar\/index.php?rest_route=%2Fwp%2Fv2%2Fcomments&post=2119"}],"version-history":[{"count":0,"href":"https:\/\/verdadincomodadiario.ar\/index.php?rest_route=\/wp\/v2\/posts\/2119\/revisions"}],"wp:featuredmedia":[{"embeddable":true,"href":"https:\/\/verdadincomodadiario.ar\/index.php?rest_route=\/wp\/v2\/media\/2120"}],"wp:attachment":[{"href":"https:\/\/verdadincomodadiario.ar\/index.php?rest_route=%2Fwp%2Fv2%2Fmedia&parent=2119"}],"wp:term":[{"taxonomy":"category","embeddable":true,"href":"https:\/\/verdadincomodadiario.ar\/index.php?rest_route=%2Fwp%2Fv2%2Fcategories&post=2119"},{"taxonomy":"post_tag","embeddable":true,"href":"https:\/\/verdadincomodadiario.ar\/index.php?rest_route=%2Fwp%2Fv2%2Ftags&post=2119"}],"curies":[{"name":"wp","href":"https:\/\/api.w.org\/{rel}","templated":true}]}}