{"id":21187,"date":"2026-04-27T19:23:59","date_gmt":"2026-04-27T19:23:59","guid":{"rendered":"https:\/\/verdadincomodadiario.ar\/?p=21187"},"modified":"2026-04-27T19:23:59","modified_gmt":"2026-04-27T19:23:59","slug":"juan-sebastian-veron-volvio-a-liquidar-a-la-gestion-del-chiqui-tapia-quiero-que-esto-cambie","status":"publish","type":"post","link":"https:\/\/verdadincomodadiario.ar\/?p=21187","title":{"rendered":"Juan Sebasti\u00e1n Ver\u00f3n volvi\u00f3 a liquidar a la gesti\u00f3n del Chiqui Tapia: &#8216;Quiero que esto cambie&#8217;"},"content":{"rendered":"<p>El presidente de Estudiantes cuestion\u00f3 con dureza a la AFA, marc\u00f3 la falta de avances e insisti\u00f3 en la necesidad de una transformaci\u00f3n<\/p>\n","protected":false},"excerpt":{"rendered":"<p>El presidente de Estudiantes cuestion\u00f3 con dureza a la AFA, marc\u00f3 la falta de avances e insisti\u00f3 en la necesidad de una transformaci\u00f3n<\/p>\n","protected":false},"author":2,"featured_media":21188,"comment_status":"open","ping_status":"open","sticky":false,"template":"","format":"standard","meta":{"_et_pb_use_builder":"","_et_pb_old_content":"","_et_gb_content_width":"","footnotes":""},"categories":[78],"tags":[],"class_list":["post-21187","post","type-post","status-publish","format-standard","has-post-thumbnail","hentry","category-deportes"],"_links":{"self":[{"href":"https:\/\/verdadincomodadiario.ar\/index.php?rest_route=\/wp\/v2\/posts\/21187","targetHints":{"allow":["GET"]}}],"collection":[{"href":"https:\/\/verdadincomodadiario.ar\/index.php?rest_route=\/wp\/v2\/posts"}],"about":[{"href":"https:\/\/verdadincomodadiario.ar\/index.php?rest_route=\/wp\/v2\/types\/post"}],"author":[{"embeddable":true,"href":"https:\/\/verdadincomodadiario.ar\/index.php?rest_route=\/wp\/v2\/users\/2"}],"replies":[{"embeddable":true,"href":"https:\/\/verdadincomodadiario.ar\/index.php?rest_route=%2Fwp%2Fv2%2Fcomments&post=21187"}],"version-history":[{"count":0,"href":"https:\/\/verdadincomodadiario.ar\/index.php?rest_route=\/wp\/v2\/posts\/21187\/revisions"}],"wp:featuredmedia":[{"embeddable":true,"href":"https:\/\/verdadincomodadiario.ar\/index.php?rest_route=\/wp\/v2\/media\/21188"}],"wp:attachment":[{"href":"https:\/\/verdadincomodadiario.ar\/index.php?rest_route=%2Fwp%2Fv2%2Fmedia&parent=21187"}],"wp:term":[{"taxonomy":"category","embeddable":true,"href":"https:\/\/verdadincomodadiario.ar\/index.php?rest_route=%2Fwp%2Fv2%2Fcategories&post=21187"},{"taxonomy":"post_tag","embeddable":true,"href":"https:\/\/verdadincomodadiario.ar\/index.php?rest_route=%2Fwp%2Fv2%2Ftags&post=21187"}],"curies":[{"name":"wp","href":"https:\/\/api.w.org\/{rel}","templated":true}]}}