{"id":21179,"date":"2026-04-27T19:23:38","date_gmt":"2026-04-27T19:23:38","guid":{"rendered":"https:\/\/verdadincomodadiario.ar\/?p=21179"},"modified":"2026-04-27T19:23:38","modified_gmt":"2026-04-27T19:23:38","slug":"escalada-de-terrorismo-en-colombia-mas-de-17-ataques-en-menos-de-48-horas-sacuden-el-sur-del-pais","status":"publish","type":"post","link":"https:\/\/verdadincomodadiario.ar\/?p=21179","title":{"rendered":"Escalada de terrorismo en Colombia: m\u00e1s de 17 ataques en menos de 48 horas sacuden el sur del pa\u00eds"},"content":{"rendered":"<p>Autoridades atribuyen la ofensiva a disidencias de las FARC lideradas por Iv\u00e1n Mordisco.<\/p>\n","protected":false},"excerpt":{"rendered":"<p>Autoridades atribuyen la ofensiva a disidencias de las FARC lideradas por Iv\u00e1n Mordisco.<\/p>\n","protected":false},"author":2,"featured_media":21180,"comment_status":"open","ping_status":"open","sticky":false,"template":"","format":"standard","meta":{"_et_pb_use_builder":"","_et_pb_old_content":"","_et_gb_content_width":"","footnotes":""},"categories":[1566,79,1567],"tags":[],"class_list":["post-21179","post","type-post","status-publish","format-standard","has-post-thumbnail","hentry","category-escalada","category-internacionales","category-terrorismo"],"_links":{"self":[{"href":"https:\/\/verdadincomodadiario.ar\/index.php?rest_route=\/wp\/v2\/posts\/21179","targetHints":{"allow":["GET"]}}],"collection":[{"href":"https:\/\/verdadincomodadiario.ar\/index.php?rest_route=\/wp\/v2\/posts"}],"about":[{"href":"https:\/\/verdadincomodadiario.ar\/index.php?rest_route=\/wp\/v2\/types\/post"}],"author":[{"embeddable":true,"href":"https:\/\/verdadincomodadiario.ar\/index.php?rest_route=\/wp\/v2\/users\/2"}],"replies":[{"embeddable":true,"href":"https:\/\/verdadincomodadiario.ar\/index.php?rest_route=%2Fwp%2Fv2%2Fcomments&post=21179"}],"version-history":[{"count":0,"href":"https:\/\/verdadincomodadiario.ar\/index.php?rest_route=\/wp\/v2\/posts\/21179\/revisions"}],"wp:featuredmedia":[{"embeddable":true,"href":"https:\/\/verdadincomodadiario.ar\/index.php?rest_route=\/wp\/v2\/media\/21180"}],"wp:attachment":[{"href":"https:\/\/verdadincomodadiario.ar\/index.php?rest_route=%2Fwp%2Fv2%2Fmedia&parent=21179"}],"wp:term":[{"taxonomy":"category","embeddable":true,"href":"https:\/\/verdadincomodadiario.ar\/index.php?rest_route=%2Fwp%2Fv2%2Fcategories&post=21179"},{"taxonomy":"post_tag","embeddable":true,"href":"https:\/\/verdadincomodadiario.ar\/index.php?rest_route=%2Fwp%2Fv2%2Ftags&post=21179"}],"curies":[{"name":"wp","href":"https:\/\/api.w.org\/{rel}","templated":true}]}}