{"id":21177,"date":"2026-04-27T17:24:41","date_gmt":"2026-04-27T17:24:41","guid":{"rendered":"https:\/\/verdadincomodadiario.ar\/?p=21177"},"modified":"2026-04-27T17:24:41","modified_gmt":"2026-04-27T17:24:41","slug":"elecciones-en-la-uba-la-izquierda-perdio-su-unica-facultad-y-lla-quedo-tercera-en-la-mayoria-de-los-casos","status":"publish","type":"post","link":"https:\/\/verdadincomodadiario.ar\/?p=21177","title":{"rendered":"Elecciones en la UBA: La izquierda perdi\u00f3 su \u00fanica facultad y LLA qued\u00f3 tercera en la mayor\u00eda de los casos"},"content":{"rendered":"<p>Los comicios dejaron un escenario con escasas modificaciones en la conducci\u00f3n de la mayor\u00eda de las facultades.<\/p>\n","protected":false},"excerpt":{"rendered":"<p>Los comicios dejaron un escenario con escasas modificaciones en la conducci\u00f3n de la mayor\u00eda de las facultades.<\/p>\n","protected":false},"author":2,"featured_media":21178,"comment_status":"open","ping_status":"open","sticky":false,"template":"","format":"standard","meta":{"_et_pb_use_builder":"","_et_pb_old_content":"","_et_gb_content_width":"","footnotes":""},"categories":[81],"tags":[],"class_list":["post-21177","post","type-post","status-publish","format-standard","has-post-thumbnail","hentry","category-politica"],"_links":{"self":[{"href":"https:\/\/verdadincomodadiario.ar\/index.php?rest_route=\/wp\/v2\/posts\/21177","targetHints":{"allow":["GET"]}}],"collection":[{"href":"https:\/\/verdadincomodadiario.ar\/index.php?rest_route=\/wp\/v2\/posts"}],"about":[{"href":"https:\/\/verdadincomodadiario.ar\/index.php?rest_route=\/wp\/v2\/types\/post"}],"author":[{"embeddable":true,"href":"https:\/\/verdadincomodadiario.ar\/index.php?rest_route=\/wp\/v2\/users\/2"}],"replies":[{"embeddable":true,"href":"https:\/\/verdadincomodadiario.ar\/index.php?rest_route=%2Fwp%2Fv2%2Fcomments&post=21177"}],"version-history":[{"count":0,"href":"https:\/\/verdadincomodadiario.ar\/index.php?rest_route=\/wp\/v2\/posts\/21177\/revisions"}],"wp:featuredmedia":[{"embeddable":true,"href":"https:\/\/verdadincomodadiario.ar\/index.php?rest_route=\/wp\/v2\/media\/21178"}],"wp:attachment":[{"href":"https:\/\/verdadincomodadiario.ar\/index.php?rest_route=%2Fwp%2Fv2%2Fmedia&parent=21177"}],"wp:term":[{"taxonomy":"category","embeddable":true,"href":"https:\/\/verdadincomodadiario.ar\/index.php?rest_route=%2Fwp%2Fv2%2Fcategories&post=21177"},{"taxonomy":"post_tag","embeddable":true,"href":"https:\/\/verdadincomodadiario.ar\/index.php?rest_route=%2Fwp%2Fv2%2Ftags&post=21177"}],"curies":[{"name":"wp","href":"https:\/\/api.w.org\/{rel}","templated":true}]}}