{"id":21175,"date":"2026-04-27T17:24:42","date_gmt":"2026-04-27T17:24:42","guid":{"rendered":"https:\/\/verdadincomodadiario.ar\/?p=21175"},"modified":"2026-04-27T17:24:42","modified_gmt":"2026-04-27T17:24:42","slug":"cristina-kirchner-va-a-la-corte-suprema-por-el-decomiso-de-bienes-en-la-causa-vialidad","status":"publish","type":"post","link":"https:\/\/verdadincomodadiario.ar\/?p=21175","title":{"rendered":"Cristina Kirchner va a la Corte Suprema por el decomiso de bienes en la causa Vialidad"},"content":{"rendered":"<p>La C\u00e1mara de Casaci\u00f3n confirm\u00f3 recientemente la ejecuci\u00f3n de activos por m\u00e1s de $684.990 millones.<\/p>\n","protected":false},"excerpt":{"rendered":"<p>La C\u00e1mara de Casaci\u00f3n confirm\u00f3 recientemente la ejecuci\u00f3n de activos por m\u00e1s de $684.990 millones.<\/p>\n","protected":false},"author":2,"featured_media":21176,"comment_status":"open","ping_status":"open","sticky":false,"template":"","format":"standard","meta":{"_et_pb_use_builder":"","_et_pb_old_content":"","_et_gb_content_width":"","footnotes":""},"categories":[81],"tags":[],"class_list":["post-21175","post","type-post","status-publish","format-standard","has-post-thumbnail","hentry","category-politica"],"_links":{"self":[{"href":"https:\/\/verdadincomodadiario.ar\/index.php?rest_route=\/wp\/v2\/posts\/21175","targetHints":{"allow":["GET"]}}],"collection":[{"href":"https:\/\/verdadincomodadiario.ar\/index.php?rest_route=\/wp\/v2\/posts"}],"about":[{"href":"https:\/\/verdadincomodadiario.ar\/index.php?rest_route=\/wp\/v2\/types\/post"}],"author":[{"embeddable":true,"href":"https:\/\/verdadincomodadiario.ar\/index.php?rest_route=\/wp\/v2\/users\/2"}],"replies":[{"embeddable":true,"href":"https:\/\/verdadincomodadiario.ar\/index.php?rest_route=%2Fwp%2Fv2%2Fcomments&post=21175"}],"version-history":[{"count":0,"href":"https:\/\/verdadincomodadiario.ar\/index.php?rest_route=\/wp\/v2\/posts\/21175\/revisions"}],"wp:featuredmedia":[{"embeddable":true,"href":"https:\/\/verdadincomodadiario.ar\/index.php?rest_route=\/wp\/v2\/media\/21176"}],"wp:attachment":[{"href":"https:\/\/verdadincomodadiario.ar\/index.php?rest_route=%2Fwp%2Fv2%2Fmedia&parent=21175"}],"wp:term":[{"taxonomy":"category","embeddable":true,"href":"https:\/\/verdadincomodadiario.ar\/index.php?rest_route=%2Fwp%2Fv2%2Fcategories&post=21175"},{"taxonomy":"post_tag","embeddable":true,"href":"https:\/\/verdadincomodadiario.ar\/index.php?rest_route=%2Fwp%2Fv2%2Ftags&post=21175"}],"curies":[{"name":"wp","href":"https:\/\/api.w.org\/{rel}","templated":true}]}}