{"id":21173,"date":"2026-04-27T17:24:43","date_gmt":"2026-04-27T17:24:43","guid":{"rendered":"https:\/\/verdadincomodadiario.ar\/?p=21173"},"modified":"2026-04-27T17:24:43","modified_gmt":"2026-04-27T17:24:43","slug":"kicillof-recorta-la-comida-en-el-plan-mesa-mientras-sostiene-el-gasto-record-en-pauta","status":"publish","type":"post","link":"https:\/\/verdadincomodadiario.ar\/?p=21173","title":{"rendered":"Kicillof recorta la comida en el Plan Mesa mientras sostiene el gasto r\u00e9cord en pauta"},"content":{"rendered":"<p>La reducci\u00f3n de productos en las cajas alimentarias deja al descubierto un ajuste sobre los sectores m\u00e1s vulnerables, en contraste con el elevado presupuesto que Buenos Aires destina a publicidad en medios.<\/p>\n","protected":false},"excerpt":{"rendered":"<p>La reducci\u00f3n de productos en las cajas alimentarias deja al descubierto un ajuste sobre los sectores m\u00e1s vulnerables, en contraste con el elevado presupuesto que Buenos Aires destina a publicidad en medios.<\/p>\n","protected":false},"author":2,"featured_media":21174,"comment_status":"open","ping_status":"open","sticky":false,"template":"","format":"standard","meta":{"_et_pb_use_builder":"","_et_pb_old_content":"","_et_gb_content_width":"","footnotes":""},"categories":[81],"tags":[],"class_list":["post-21173","post","type-post","status-publish","format-standard","has-post-thumbnail","hentry","category-politica"],"_links":{"self":[{"href":"https:\/\/verdadincomodadiario.ar\/index.php?rest_route=\/wp\/v2\/posts\/21173","targetHints":{"allow":["GET"]}}],"collection":[{"href":"https:\/\/verdadincomodadiario.ar\/index.php?rest_route=\/wp\/v2\/posts"}],"about":[{"href":"https:\/\/verdadincomodadiario.ar\/index.php?rest_route=\/wp\/v2\/types\/post"}],"author":[{"embeddable":true,"href":"https:\/\/verdadincomodadiario.ar\/index.php?rest_route=\/wp\/v2\/users\/2"}],"replies":[{"embeddable":true,"href":"https:\/\/verdadincomodadiario.ar\/index.php?rest_route=%2Fwp%2Fv2%2Fcomments&post=21173"}],"version-history":[{"count":0,"href":"https:\/\/verdadincomodadiario.ar\/index.php?rest_route=\/wp\/v2\/posts\/21173\/revisions"}],"wp:featuredmedia":[{"embeddable":true,"href":"https:\/\/verdadincomodadiario.ar\/index.php?rest_route=\/wp\/v2\/media\/21174"}],"wp:attachment":[{"href":"https:\/\/verdadincomodadiario.ar\/index.php?rest_route=%2Fwp%2Fv2%2Fmedia&parent=21173"}],"wp:term":[{"taxonomy":"category","embeddable":true,"href":"https:\/\/verdadincomodadiario.ar\/index.php?rest_route=%2Fwp%2Fv2%2Fcategories&post=21173"},{"taxonomy":"post_tag","embeddable":true,"href":"https:\/\/verdadincomodadiario.ar\/index.php?rest_route=%2Fwp%2Fv2%2Ftags&post=21173"}],"curies":[{"name":"wp","href":"https:\/\/api.w.org\/{rel}","templated":true}]}}