{"id":21165,"date":"2026-04-27T15:24:51","date_gmt":"2026-04-27T15:24:51","guid":{"rendered":"https:\/\/verdadincomodadiario.ar\/?p=21165"},"modified":"2026-04-27T15:24:51","modified_gmt":"2026-04-27T15:24:51","slug":"julian-alvarez-se-refirio-a-los-rumores-que-lo-vinculan-con-el-barcelona-trato-de-no-darle-mucha-importancia","status":"publish","type":"post","link":"https:\/\/verdadincomodadiario.ar\/?p=21165","title":{"rendered":"Juli\u00e1n \u00c1lvarez se refiri\u00f3 a los rumores que lo vinculan con el Barcelona: &#8216;Trato de no darle mucha importancia&#8217;"},"content":{"rendered":"<p>El delantero argentino del Atl\u00e9tico de Madrid evit\u00f3 alimentar versiones sobre su futuro y asegur\u00f3 que est\u00e1 enfocado en la Champions y en rendir al m\u00e1ximo con su equipo<\/p>\n","protected":false},"excerpt":{"rendered":"<p>El delantero argentino del Atl\u00e9tico de Madrid evit\u00f3 alimentar versiones sobre su futuro y asegur\u00f3 que est\u00e1 enfocado en la Champions y en rendir al m\u00e1ximo con su equipo<\/p>\n","protected":false},"author":2,"featured_media":21166,"comment_status":"open","ping_status":"open","sticky":false,"template":"","format":"standard","meta":{"_et_pb_use_builder":"","_et_pb_old_content":"","_et_gb_content_width":"","footnotes":""},"categories":[78],"tags":[],"class_list":["post-21165","post","type-post","status-publish","format-standard","has-post-thumbnail","hentry","category-deportes"],"_links":{"self":[{"href":"https:\/\/verdadincomodadiario.ar\/index.php?rest_route=\/wp\/v2\/posts\/21165","targetHints":{"allow":["GET"]}}],"collection":[{"href":"https:\/\/verdadincomodadiario.ar\/index.php?rest_route=\/wp\/v2\/posts"}],"about":[{"href":"https:\/\/verdadincomodadiario.ar\/index.php?rest_route=\/wp\/v2\/types\/post"}],"author":[{"embeddable":true,"href":"https:\/\/verdadincomodadiario.ar\/index.php?rest_route=\/wp\/v2\/users\/2"}],"replies":[{"embeddable":true,"href":"https:\/\/verdadincomodadiario.ar\/index.php?rest_route=%2Fwp%2Fv2%2Fcomments&post=21165"}],"version-history":[{"count":0,"href":"https:\/\/verdadincomodadiario.ar\/index.php?rest_route=\/wp\/v2\/posts\/21165\/revisions"}],"wp:featuredmedia":[{"embeddable":true,"href":"https:\/\/verdadincomodadiario.ar\/index.php?rest_route=\/wp\/v2\/media\/21166"}],"wp:attachment":[{"href":"https:\/\/verdadincomodadiario.ar\/index.php?rest_route=%2Fwp%2Fv2%2Fmedia&parent=21165"}],"wp:term":[{"taxonomy":"category","embeddable":true,"href":"https:\/\/verdadincomodadiario.ar\/index.php?rest_route=%2Fwp%2Fv2%2Fcategories&post=21165"},{"taxonomy":"post_tag","embeddable":true,"href":"https:\/\/verdadincomodadiario.ar\/index.php?rest_route=%2Fwp%2Fv2%2Ftags&post=21165"}],"curies":[{"name":"wp","href":"https:\/\/api.w.org\/{rel}","templated":true}]}}