{"id":21161,"date":"2026-04-27T15:24:32","date_gmt":"2026-04-27T15:24:32","guid":{"rendered":"https:\/\/verdadincomodadiario.ar\/?p=21161"},"modified":"2026-04-27T15:24:32","modified_gmt":"2026-04-27T15:24:32","slug":"putin-elogio-el-heroismo-de-iran-y-reforzo-la-alianza-con-teheran-en-plena-guerra-con-eeuu","status":"publish","type":"post","link":"https:\/\/verdadincomodadiario.ar\/?p=21161","title":{"rendered":"Putin elogi\u00f3 el \u201chero\u00edsmo\u201d de Ir\u00e1n y reforz\u00f3 la alianza con Teher\u00e1n en plena guerra con EEUU"},"content":{"rendered":"<p>Durante una reuni\u00f3n en San Petersburgo con el canciller de Ir\u00e1n, Abbas Araqchi, el mandatario ruso elogi\u00f3 la \u201cvalent\u00eda y hero\u00edsmo\u201d iran\u00ed y confirm\u00f3 haber recibido un mensaje del l\u00edder supremo Mojtaba Khamenei.<\/p>\n","protected":false},"excerpt":{"rendered":"<p>Durante una reuni\u00f3n en San Petersburgo con el canciller de Ir\u00e1n, Abbas Araqchi, el mandatario ruso elogi\u00f3 la \u201cvalent\u00eda y hero\u00edsmo\u201d iran\u00ed y confirm\u00f3 haber recibido un mensaje del l\u00edder supremo Mojtaba Khamenei.<\/p>\n","protected":false},"author":2,"featured_media":21162,"comment_status":"open","ping_status":"open","sticky":false,"template":"","format":"standard","meta":{"_et_pb_use_builder":"","_et_pb_old_content":"","_et_gb_content_width":"","footnotes":""},"categories":[926,79,270],"tags":[],"class_list":["post-21161","post","type-post","status-publish","format-standard","has-post-thumbnail","hentry","category-elogi","category-internacionales","category-putin"],"_links":{"self":[{"href":"https:\/\/verdadincomodadiario.ar\/index.php?rest_route=\/wp\/v2\/posts\/21161","targetHints":{"allow":["GET"]}}],"collection":[{"href":"https:\/\/verdadincomodadiario.ar\/index.php?rest_route=\/wp\/v2\/posts"}],"about":[{"href":"https:\/\/verdadincomodadiario.ar\/index.php?rest_route=\/wp\/v2\/types\/post"}],"author":[{"embeddable":true,"href":"https:\/\/verdadincomodadiario.ar\/index.php?rest_route=\/wp\/v2\/users\/2"}],"replies":[{"embeddable":true,"href":"https:\/\/verdadincomodadiario.ar\/index.php?rest_route=%2Fwp%2Fv2%2Fcomments&post=21161"}],"version-history":[{"count":0,"href":"https:\/\/verdadincomodadiario.ar\/index.php?rest_route=\/wp\/v2\/posts\/21161\/revisions"}],"wp:featuredmedia":[{"embeddable":true,"href":"https:\/\/verdadincomodadiario.ar\/index.php?rest_route=\/wp\/v2\/media\/21162"}],"wp:attachment":[{"href":"https:\/\/verdadincomodadiario.ar\/index.php?rest_route=%2Fwp%2Fv2%2Fmedia&parent=21161"}],"wp:term":[{"taxonomy":"category","embeddable":true,"href":"https:\/\/verdadincomodadiario.ar\/index.php?rest_route=%2Fwp%2Fv2%2Fcategories&post=21161"},{"taxonomy":"post_tag","embeddable":true,"href":"https:\/\/verdadincomodadiario.ar\/index.php?rest_route=%2Fwp%2Fv2%2Ftags&post=21161"}],"curies":[{"name":"wp","href":"https:\/\/api.w.org\/{rel}","templated":true}]}}