{"id":21157,"date":"2026-04-27T14:24:11","date_gmt":"2026-04-27T14:24:11","guid":{"rendered":"https:\/\/verdadincomodadiario.ar\/?p=21157"},"modified":"2026-04-27T14:24:11","modified_gmt":"2026-04-27T14:24:11","slug":"alarmas-en-francia-se-confirmo-la-lesion-de-kylian-mbappe-a-pocas-semanas-del-mundial-2026","status":"publish","type":"post","link":"https:\/\/verdadincomodadiario.ar\/?p=21157","title":{"rendered":"Alarmas en Francia: se confirm\u00f3 la lesi\u00f3n de Kylian Mbapp\u00e9 a pocas semanas del Mundial 2026"},"content":{"rendered":"<p>El Real Madrid dio a conocer el parte m\u00e9dio del delantero franc\u00e9s, quien pidi\u00f3 el cambio en el \u00faltimo partido ante el Betis<\/p>\n","protected":false},"excerpt":{"rendered":"<p>El Real Madrid dio a conocer el parte m\u00e9dio del delantero franc\u00e9s, quien pidi\u00f3 el cambio en el \u00faltimo partido ante el Betis<\/p>\n","protected":false},"author":2,"featured_media":21158,"comment_status":"open","ping_status":"open","sticky":false,"template":"","format":"standard","meta":{"_et_pb_use_builder":"","_et_pb_old_content":"","_et_gb_content_width":"","footnotes":""},"categories":[78],"tags":[],"class_list":["post-21157","post","type-post","status-publish","format-standard","has-post-thumbnail","hentry","category-deportes"],"_links":{"self":[{"href":"https:\/\/verdadincomodadiario.ar\/index.php?rest_route=\/wp\/v2\/posts\/21157","targetHints":{"allow":["GET"]}}],"collection":[{"href":"https:\/\/verdadincomodadiario.ar\/index.php?rest_route=\/wp\/v2\/posts"}],"about":[{"href":"https:\/\/verdadincomodadiario.ar\/index.php?rest_route=\/wp\/v2\/types\/post"}],"author":[{"embeddable":true,"href":"https:\/\/verdadincomodadiario.ar\/index.php?rest_route=\/wp\/v2\/users\/2"}],"replies":[{"embeddable":true,"href":"https:\/\/verdadincomodadiario.ar\/index.php?rest_route=%2Fwp%2Fv2%2Fcomments&post=21157"}],"version-history":[{"count":0,"href":"https:\/\/verdadincomodadiario.ar\/index.php?rest_route=\/wp\/v2\/posts\/21157\/revisions"}],"wp:featuredmedia":[{"embeddable":true,"href":"https:\/\/verdadincomodadiario.ar\/index.php?rest_route=\/wp\/v2\/media\/21158"}],"wp:attachment":[{"href":"https:\/\/verdadincomodadiario.ar\/index.php?rest_route=%2Fwp%2Fv2%2Fmedia&parent=21157"}],"wp:term":[{"taxonomy":"category","embeddable":true,"href":"https:\/\/verdadincomodadiario.ar\/index.php?rest_route=%2Fwp%2Fv2%2Fcategories&post=21157"},{"taxonomy":"post_tag","embeddable":true,"href":"https:\/\/verdadincomodadiario.ar\/index.php?rest_route=%2Fwp%2Fv2%2Ftags&post=21157"}],"curies":[{"name":"wp","href":"https:\/\/api.w.org\/{rel}","templated":true}]}}