{"id":21151,"date":"2026-04-27T13:24:33","date_gmt":"2026-04-27T13:24:33","guid":{"rendered":"https:\/\/verdadincomodadiario.ar\/?p=21151"},"modified":"2026-04-27T13:24:33","modified_gmt":"2026-04-27T13:24:33","slug":"malas-noticias-para-ancelotti-eder-militao-sera-operado-y-se-pierde-el-mundial-2026-con-brasil","status":"publish","type":"post","link":"https:\/\/verdadincomodadiario.ar\/?p=21151","title":{"rendered":"Malas noticias para Ancelotti: \u00c9der Milit\u00e3o ser\u00e1 operado y se pierde el Mundial 2026 con Brasil"},"content":{"rendered":"<p>Tras su dura lesi\u00f3n en la pierna izquierda, el defensor del Real Madrid opt\u00f3 por la cirug\u00eda para evitar reca\u00eddas y estar\u00e1 varios meses fuera<\/p>\n","protected":false},"excerpt":{"rendered":"<p>Tras su dura lesi\u00f3n en la pierna izquierda, el defensor del Real Madrid opt\u00f3 por la cirug\u00eda para evitar reca\u00eddas y estar\u00e1 varios meses fuera<\/p>\n","protected":false},"author":2,"featured_media":21152,"comment_status":"open","ping_status":"open","sticky":false,"template":"","format":"standard","meta":{"_et_pb_use_builder":"","_et_pb_old_content":"","_et_gb_content_width":"","footnotes":""},"categories":[78],"tags":[],"class_list":["post-21151","post","type-post","status-publish","format-standard","has-post-thumbnail","hentry","category-deportes"],"_links":{"self":[{"href":"https:\/\/verdadincomodadiario.ar\/index.php?rest_route=\/wp\/v2\/posts\/21151","targetHints":{"allow":["GET"]}}],"collection":[{"href":"https:\/\/verdadincomodadiario.ar\/index.php?rest_route=\/wp\/v2\/posts"}],"about":[{"href":"https:\/\/verdadincomodadiario.ar\/index.php?rest_route=\/wp\/v2\/types\/post"}],"author":[{"embeddable":true,"href":"https:\/\/verdadincomodadiario.ar\/index.php?rest_route=\/wp\/v2\/users\/2"}],"replies":[{"embeddable":true,"href":"https:\/\/verdadincomodadiario.ar\/index.php?rest_route=%2Fwp%2Fv2%2Fcomments&post=21151"}],"version-history":[{"count":0,"href":"https:\/\/verdadincomodadiario.ar\/index.php?rest_route=\/wp\/v2\/posts\/21151\/revisions"}],"wp:featuredmedia":[{"embeddable":true,"href":"https:\/\/verdadincomodadiario.ar\/index.php?rest_route=\/wp\/v2\/media\/21152"}],"wp:attachment":[{"href":"https:\/\/verdadincomodadiario.ar\/index.php?rest_route=%2Fwp%2Fv2%2Fmedia&parent=21151"}],"wp:term":[{"taxonomy":"category","embeddable":true,"href":"https:\/\/verdadincomodadiario.ar\/index.php?rest_route=%2Fwp%2Fv2%2Fcategories&post=21151"},{"taxonomy":"post_tag","embeddable":true,"href":"https:\/\/verdadincomodadiario.ar\/index.php?rest_route=%2Fwp%2Fv2%2Ftags&post=21151"}],"curies":[{"name":"wp","href":"https:\/\/api.w.org\/{rel}","templated":true}]}}