{"id":21143,"date":"2026-04-27T01:23:53","date_gmt":"2026-04-27T01:23:53","guid":{"rendered":"https:\/\/verdadincomodadiario.ar\/?p=21143"},"modified":"2026-04-27T01:23:53","modified_gmt":"2026-04-27T01:23:53","slug":"el-extenso-manifiesto-que-dejo-el-atacante-de-donald-trump-en-el-que-expone-su-radicalizacion-de-izquierda","status":"publish","type":"post","link":"https:\/\/verdadincomodadiario.ar\/?p=21143","title":{"rendered":"El extenso manifiesto que dej\u00f3 el atacante de Donald Trump en el que expone su radicalizaci\u00f3n de izquierda"},"content":{"rendered":"<p>Cole Allen, el tirador que asalt\u00f3 la cena de corresponsales, escribi\u00f3 un manifiesto en el cual destac\u00f3 su odio contra el gobierno de Trump.<\/p>\n","protected":false},"excerpt":{"rendered":"<p>Cole Allen, el tirador que asalt\u00f3 la cena de corresponsales, escribi\u00f3 un manifiesto en el cual destac\u00f3 su odio contra el gobierno de Trump.<\/p>\n","protected":false},"author":2,"featured_media":21144,"comment_status":"open","ping_status":"open","sticky":false,"template":"","format":"standard","meta":{"_et_pb_use_builder":"","_et_pb_old_content":"","_et_gb_content_width":"","footnotes":""},"categories":[1562,79,1563],"tags":[],"class_list":["post-21143","post","type-post","status-publish","format-standard","has-post-thumbnail","hentry","category-extenso","category-internacionales","category-manifiesto"],"_links":{"self":[{"href":"https:\/\/verdadincomodadiario.ar\/index.php?rest_route=\/wp\/v2\/posts\/21143","targetHints":{"allow":["GET"]}}],"collection":[{"href":"https:\/\/verdadincomodadiario.ar\/index.php?rest_route=\/wp\/v2\/posts"}],"about":[{"href":"https:\/\/verdadincomodadiario.ar\/index.php?rest_route=\/wp\/v2\/types\/post"}],"author":[{"embeddable":true,"href":"https:\/\/verdadincomodadiario.ar\/index.php?rest_route=\/wp\/v2\/users\/2"}],"replies":[{"embeddable":true,"href":"https:\/\/verdadincomodadiario.ar\/index.php?rest_route=%2Fwp%2Fv2%2Fcomments&post=21143"}],"version-history":[{"count":0,"href":"https:\/\/verdadincomodadiario.ar\/index.php?rest_route=\/wp\/v2\/posts\/21143\/revisions"}],"wp:featuredmedia":[{"embeddable":true,"href":"https:\/\/verdadincomodadiario.ar\/index.php?rest_route=\/wp\/v2\/media\/21144"}],"wp:attachment":[{"href":"https:\/\/verdadincomodadiario.ar\/index.php?rest_route=%2Fwp%2Fv2%2Fmedia&parent=21143"}],"wp:term":[{"taxonomy":"category","embeddable":true,"href":"https:\/\/verdadincomodadiario.ar\/index.php?rest_route=%2Fwp%2Fv2%2Fcategories&post=21143"},{"taxonomy":"post_tag","embeddable":true,"href":"https:\/\/verdadincomodadiario.ar\/index.php?rest_route=%2Fwp%2Fv2%2Ftags&post=21143"}],"curies":[{"name":"wp","href":"https:\/\/api.w.org\/{rel}","templated":true}]}}