{"id":21137,"date":"2026-04-26T21:24:55","date_gmt":"2026-04-26T21:24:55","guid":{"rendered":"https:\/\/verdadincomodadiario.ar\/?p=21137"},"modified":"2026-04-26T21:24:55","modified_gmt":"2026-04-26T21:24:55","slug":"el-gobierno-de-milei-deporto-a-18-inmigrantes-ilegales-tras-operativos-en-salta","status":"publish","type":"post","link":"https:\/\/verdadincomodadiario.ar\/?p=21137","title":{"rendered":"El Gobierno de Milei deport\u00f3 a 18 inmigrantes ilegales tras operativos en Salta"},"content":{"rendered":"<p>Entre los extranjeros deportados hab\u00eda algunos que contaban con antecedentes por hurto y narcotr\u00e1fico.<\/p>\n","protected":false},"excerpt":{"rendered":"<p>Entre los extranjeros deportados hab\u00eda algunos que contaban con antecedentes por hurto y narcotr\u00e1fico.<\/p>\n","protected":false},"author":2,"featured_media":21138,"comment_status":"open","ping_status":"open","sticky":false,"template":"","format":"standard","meta":{"_et_pb_use_builder":"","_et_pb_old_content":"","_et_gb_content_width":"","footnotes":""},"categories":[81],"tags":[],"class_list":["post-21137","post","type-post","status-publish","format-standard","has-post-thumbnail","hentry","category-politica"],"_links":{"self":[{"href":"https:\/\/verdadincomodadiario.ar\/index.php?rest_route=\/wp\/v2\/posts\/21137","targetHints":{"allow":["GET"]}}],"collection":[{"href":"https:\/\/verdadincomodadiario.ar\/index.php?rest_route=\/wp\/v2\/posts"}],"about":[{"href":"https:\/\/verdadincomodadiario.ar\/index.php?rest_route=\/wp\/v2\/types\/post"}],"author":[{"embeddable":true,"href":"https:\/\/verdadincomodadiario.ar\/index.php?rest_route=\/wp\/v2\/users\/2"}],"replies":[{"embeddable":true,"href":"https:\/\/verdadincomodadiario.ar\/index.php?rest_route=%2Fwp%2Fv2%2Fcomments&post=21137"}],"version-history":[{"count":0,"href":"https:\/\/verdadincomodadiario.ar\/index.php?rest_route=\/wp\/v2\/posts\/21137\/revisions"}],"wp:featuredmedia":[{"embeddable":true,"href":"https:\/\/verdadincomodadiario.ar\/index.php?rest_route=\/wp\/v2\/media\/21138"}],"wp:attachment":[{"href":"https:\/\/verdadincomodadiario.ar\/index.php?rest_route=%2Fwp%2Fv2%2Fmedia&parent=21137"}],"wp:term":[{"taxonomy":"category","embeddable":true,"href":"https:\/\/verdadincomodadiario.ar\/index.php?rest_route=%2Fwp%2Fv2%2Fcategories&post=21137"},{"taxonomy":"post_tag","embeddable":true,"href":"https:\/\/verdadincomodadiario.ar\/index.php?rest_route=%2Fwp%2Fv2%2Ftags&post=21137"}],"curies":[{"name":"wp","href":"https:\/\/api.w.org\/{rel}","templated":true}]}}