{"id":21133,"date":"2026-04-26T20:23:54","date_gmt":"2026-04-26T20:23:54","guid":{"rendered":"https:\/\/verdadincomodadiario.ar\/?p=21133"},"modified":"2026-04-26T20:23:54","modified_gmt":"2026-04-26T20:23:54","slug":"franco-colapinto-no-pudo-ocultar-su-felicidad-tras-su-exhibicion-son-los-mejores-fans-del-mundo","status":"publish","type":"post","link":"https:\/\/verdadincomodadiario.ar\/?p=21133","title":{"rendered":"Franco Colapinto no pudo ocultar su felicidad tras su exhibici\u00f3n: &#8216;Son los mejores fans del mundo&#8217;"},"content":{"rendered":"<p>El piloto argentino brill\u00f3 ante 500 mil personas en Palermo, agradeci\u00f3 el apoyo del p\u00fablico y volvi\u00f3 a ilusionarse con el regreso de la F\u00f3rmula 1 al pa\u00eds<\/p>\n","protected":false},"excerpt":{"rendered":"<p>El piloto argentino brill\u00f3 ante 500 mil personas en Palermo, agradeci\u00f3 el apoyo del p\u00fablico y volvi\u00f3 a ilusionarse con el regreso de la F\u00f3rmula 1 al pa\u00eds<\/p>\n","protected":false},"author":2,"featured_media":21134,"comment_status":"open","ping_status":"open","sticky":false,"template":"","format":"standard","meta":{"_et_pb_use_builder":"","_et_pb_old_content":"","_et_gb_content_width":"","footnotes":""},"categories":[78],"tags":[],"class_list":["post-21133","post","type-post","status-publish","format-standard","has-post-thumbnail","hentry","category-deportes"],"_links":{"self":[{"href":"https:\/\/verdadincomodadiario.ar\/index.php?rest_route=\/wp\/v2\/posts\/21133","targetHints":{"allow":["GET"]}}],"collection":[{"href":"https:\/\/verdadincomodadiario.ar\/index.php?rest_route=\/wp\/v2\/posts"}],"about":[{"href":"https:\/\/verdadincomodadiario.ar\/index.php?rest_route=\/wp\/v2\/types\/post"}],"author":[{"embeddable":true,"href":"https:\/\/verdadincomodadiario.ar\/index.php?rest_route=\/wp\/v2\/users\/2"}],"replies":[{"embeddable":true,"href":"https:\/\/verdadincomodadiario.ar\/index.php?rest_route=%2Fwp%2Fv2%2Fcomments&post=21133"}],"version-history":[{"count":0,"href":"https:\/\/verdadincomodadiario.ar\/index.php?rest_route=\/wp\/v2\/posts\/21133\/revisions"}],"wp:featuredmedia":[{"embeddable":true,"href":"https:\/\/verdadincomodadiario.ar\/index.php?rest_route=\/wp\/v2\/media\/21134"}],"wp:attachment":[{"href":"https:\/\/verdadincomodadiario.ar\/index.php?rest_route=%2Fwp%2Fv2%2Fmedia&parent=21133"}],"wp:term":[{"taxonomy":"category","embeddable":true,"href":"https:\/\/verdadincomodadiario.ar\/index.php?rest_route=%2Fwp%2Fv2%2Fcategories&post=21133"},{"taxonomy":"post_tag","embeddable":true,"href":"https:\/\/verdadincomodadiario.ar\/index.php?rest_route=%2Fwp%2Fv2%2Ftags&post=21133"}],"curies":[{"name":"wp","href":"https:\/\/api.w.org\/{rel}","templated":true}]}}