{"id":21129,"date":"2026-04-26T18:24:14","date_gmt":"2026-04-26T18:24:14","guid":{"rendered":"https:\/\/verdadincomodadiario.ar\/?p=21129"},"modified":"2026-04-26T18:24:14","modified_gmt":"2026-04-26T18:24:14","slug":"jorge-macri-reafirmo-el-compromiso-de-la-ciudad-de-volver-a-tener-un-gran-premio-de-formula-1-es-un-objetivo-central","status":"publish","type":"post","link":"https:\/\/verdadincomodadiario.ar\/?p=21129","title":{"rendered":"Jorge Macri reafirm\u00f3 el compromiso de la Ciudad de volver a tener un Gran Premio de F\u00f3rmula 1: &#8216;Es un objetivo central&#8217;"},"content":{"rendered":"<p>El Jefe de Gobierno se refiri\u00f3 al deseo de ver a la M\u00e1xima en el pa\u00eds y detall\u00f3 c\u00f3mo avanzan las obras en el Galvez para albergarla en un futuro<\/p>\n","protected":false},"excerpt":{"rendered":"<p>El Jefe de Gobierno se refiri\u00f3 al deseo de ver a la M\u00e1xima en el pa\u00eds y detall\u00f3 c\u00f3mo avanzan las obras en el Galvez para albergarla en un futuro<\/p>\n","protected":false},"author":2,"featured_media":21130,"comment_status":"open","ping_status":"open","sticky":false,"template":"","format":"standard","meta":{"_et_pb_use_builder":"","_et_pb_old_content":"","_et_gb_content_width":"","footnotes":""},"categories":[78],"tags":[],"class_list":["post-21129","post","type-post","status-publish","format-standard","has-post-thumbnail","hentry","category-deportes"],"_links":{"self":[{"href":"https:\/\/verdadincomodadiario.ar\/index.php?rest_route=\/wp\/v2\/posts\/21129","targetHints":{"allow":["GET"]}}],"collection":[{"href":"https:\/\/verdadincomodadiario.ar\/index.php?rest_route=\/wp\/v2\/posts"}],"about":[{"href":"https:\/\/verdadincomodadiario.ar\/index.php?rest_route=\/wp\/v2\/types\/post"}],"author":[{"embeddable":true,"href":"https:\/\/verdadincomodadiario.ar\/index.php?rest_route=\/wp\/v2\/users\/2"}],"replies":[{"embeddable":true,"href":"https:\/\/verdadincomodadiario.ar\/index.php?rest_route=%2Fwp%2Fv2%2Fcomments&post=21129"}],"version-history":[{"count":0,"href":"https:\/\/verdadincomodadiario.ar\/index.php?rest_route=\/wp\/v2\/posts\/21129\/revisions"}],"wp:featuredmedia":[{"embeddable":true,"href":"https:\/\/verdadincomodadiario.ar\/index.php?rest_route=\/wp\/v2\/media\/21130"}],"wp:attachment":[{"href":"https:\/\/verdadincomodadiario.ar\/index.php?rest_route=%2Fwp%2Fv2%2Fmedia&parent=21129"}],"wp:term":[{"taxonomy":"category","embeddable":true,"href":"https:\/\/verdadincomodadiario.ar\/index.php?rest_route=%2Fwp%2Fv2%2Fcategories&post=21129"},{"taxonomy":"post_tag","embeddable":true,"href":"https:\/\/verdadincomodadiario.ar\/index.php?rest_route=%2Fwp%2Fv2%2Ftags&post=21129"}],"curies":[{"name":"wp","href":"https:\/\/api.w.org\/{rel}","templated":true}]}}