{"id":21113,"date":"2026-04-26T05:24:13","date_gmt":"2026-04-26T05:24:13","guid":{"rendered":"https:\/\/verdadincomodadiario.ar\/?p=21113"},"modified":"2026-04-26T05:24:13","modified_gmt":"2026-04-26T05:24:13","slug":"javier-milei-repudio-el-nuevo-intento-de-asesinato-contra-donald-trump-y-condeno-a-la-izquierda","status":"publish","type":"post","link":"https:\/\/verdadincomodadiario.ar\/?p=21113","title":{"rendered":"Javier Milei repudi\u00f3 el nuevo intento de asesinato contra Donald Trump y conden\u00f3 a la izquierda"},"content":{"rendered":"<p>El Gobierno argentino expres\u00f3 su m\u00e1s en\u00e9rgico repudio al atentado contra Donald Trump, destac\u00f3 la r\u00e1pida acci\u00f3n y advirti\u00f3 sobre el avance de la violencia impulsada por la izquierda a nivel global.<\/p>\n","protected":false},"excerpt":{"rendered":"<p>El Gobierno argentino expres\u00f3 su m\u00e1s en\u00e9rgico repudio al atentado contra Donald Trump, destac\u00f3 la r\u00e1pida acci\u00f3n y advirti\u00f3 sobre el avance de la violencia impulsada por la izquierda a nivel global.<\/p>\n","protected":false},"author":2,"featured_media":21114,"comment_status":"open","ping_status":"open","sticky":false,"template":"","format":"standard","meta":{"_et_pb_use_builder":"","_et_pb_old_content":"","_et_gb_content_width":"","footnotes":""},"categories":[81],"tags":[],"class_list":["post-21113","post","type-post","status-publish","format-standard","has-post-thumbnail","hentry","category-politica"],"_links":{"self":[{"href":"https:\/\/verdadincomodadiario.ar\/index.php?rest_route=\/wp\/v2\/posts\/21113","targetHints":{"allow":["GET"]}}],"collection":[{"href":"https:\/\/verdadincomodadiario.ar\/index.php?rest_route=\/wp\/v2\/posts"}],"about":[{"href":"https:\/\/verdadincomodadiario.ar\/index.php?rest_route=\/wp\/v2\/types\/post"}],"author":[{"embeddable":true,"href":"https:\/\/verdadincomodadiario.ar\/index.php?rest_route=\/wp\/v2\/users\/2"}],"replies":[{"embeddable":true,"href":"https:\/\/verdadincomodadiario.ar\/index.php?rest_route=%2Fwp%2Fv2%2Fcomments&post=21113"}],"version-history":[{"count":0,"href":"https:\/\/verdadincomodadiario.ar\/index.php?rest_route=\/wp\/v2\/posts\/21113\/revisions"}],"wp:featuredmedia":[{"embeddable":true,"href":"https:\/\/verdadincomodadiario.ar\/index.php?rest_route=\/wp\/v2\/media\/21114"}],"wp:attachment":[{"href":"https:\/\/verdadincomodadiario.ar\/index.php?rest_route=%2Fwp%2Fv2%2Fmedia&parent=21113"}],"wp:term":[{"taxonomy":"category","embeddable":true,"href":"https:\/\/verdadincomodadiario.ar\/index.php?rest_route=%2Fwp%2Fv2%2Fcategories&post=21113"},{"taxonomy":"post_tag","embeddable":true,"href":"https:\/\/verdadincomodadiario.ar\/index.php?rest_route=%2Fwp%2Fv2%2Ftags&post=21113"}],"curies":[{"name":"wp","href":"https:\/\/api.w.org\/{rel}","templated":true}]}}