{"id":21085,"date":"2026-04-25T02:24:00","date_gmt":"2026-04-25T02:24:00","guid":{"rendered":"https:\/\/verdadincomodadiario.ar\/?p=21085"},"modified":"2026-04-25T02:24:00","modified_gmt":"2026-04-25T02:24:00","slug":"cae-la-imagen-de-keir-starmer-y-crece-la-crisis-politica-en-el-reino-unido","status":"publish","type":"post","link":"https:\/\/verdadincomodadiario.ar\/?p=21085","title":{"rendered":"Cae la imagen de Keir Starmer y crece la crisis pol\u00edtica en el Reino Unido"},"content":{"rendered":"<p>El primer ministro brit\u00e1nico enfrenta desplome en su popularidad, tensiones internas y esc\u00e1ndalos que debilitan su liderazgo.<\/p>\n","protected":false},"excerpt":{"rendered":"<p>El primer ministro brit\u00e1nico enfrenta desplome en su popularidad, tensiones internas y esc\u00e1ndalos que debilitan su liderazgo.<\/p>\n","protected":false},"author":2,"featured_media":21086,"comment_status":"open","ping_status":"open","sticky":false,"template":"","format":"standard","meta":{"_et_pb_use_builder":"","_et_pb_old_content":"","_et_gb_content_width":"","footnotes":""},"categories":[1553,79,400],"tags":[],"class_list":["post-21085","post","type-post","status-publish","format-standard","has-post-thumbnail","hentry","category-imagen","category-internacionales","category-starmer"],"_links":{"self":[{"href":"https:\/\/verdadincomodadiario.ar\/index.php?rest_route=\/wp\/v2\/posts\/21085","targetHints":{"allow":["GET"]}}],"collection":[{"href":"https:\/\/verdadincomodadiario.ar\/index.php?rest_route=\/wp\/v2\/posts"}],"about":[{"href":"https:\/\/verdadincomodadiario.ar\/index.php?rest_route=\/wp\/v2\/types\/post"}],"author":[{"embeddable":true,"href":"https:\/\/verdadincomodadiario.ar\/index.php?rest_route=\/wp\/v2\/users\/2"}],"replies":[{"embeddable":true,"href":"https:\/\/verdadincomodadiario.ar\/index.php?rest_route=%2Fwp%2Fv2%2Fcomments&post=21085"}],"version-history":[{"count":0,"href":"https:\/\/verdadincomodadiario.ar\/index.php?rest_route=\/wp\/v2\/posts\/21085\/revisions"}],"wp:featuredmedia":[{"embeddable":true,"href":"https:\/\/verdadincomodadiario.ar\/index.php?rest_route=\/wp\/v2\/media\/21086"}],"wp:attachment":[{"href":"https:\/\/verdadincomodadiario.ar\/index.php?rest_route=%2Fwp%2Fv2%2Fmedia&parent=21085"}],"wp:term":[{"taxonomy":"category","embeddable":true,"href":"https:\/\/verdadincomodadiario.ar\/index.php?rest_route=%2Fwp%2Fv2%2Fcategories&post=21085"},{"taxonomy":"post_tag","embeddable":true,"href":"https:\/\/verdadincomodadiario.ar\/index.php?rest_route=%2Fwp%2Fv2%2Ftags&post=21085"}],"curies":[{"name":"wp","href":"https:\/\/api.w.org\/{rel}","templated":true}]}}