{"id":2049,"date":"2025-04-14T13:57:20","date_gmt":"2025-04-14T13:57:20","guid":{"rendered":"https:\/\/verdadincomodadiario.ar\/?p=2049"},"modified":"2025-04-14T13:57:20","modified_gmt":"2025-04-14T13:57:20","slug":"la-pobreza-en-argentina-bajo-al-344-en-el-primer-trimestre-de-2025-segun-la-utdt","status":"publish","type":"post","link":"https:\/\/verdadincomodadiario.ar\/?p=2049","title":{"rendered":"La pobreza en Argentina baj\u00f3 al 34,4% en el primer trimestre de 2025, seg\u00fan la UTDT"},"content":{"rendered":"<p>Bajo el Gobierno de <a href=\"https:\/\/derechadiario.com.ar\/politica\/javier-milei-cadena-nacional-eliminamos-cepo-para-siempre\" target=\"_blank\" title=\"Javier Milei en cadena nacional: 'Eliminamos el cepo para siempre'\"><strong>Javier Milei<\/strong><\/a>, la pobreza en Argentina <strong>sigue cayendo<\/strong> mientras la <a href=\"https:\/\/derechadiario.com.ar\/economia\/tras-anuncio-del-gobierno-milei-volaron-las-acciones-argentinas-wall-street\" target=\"_blank\" title=\"Tras el anuncio del Gobierno de Milei, volaron las acciones argentinas en Wall Street\">recuperaci\u00f3n econ\u00f3mica<\/a> se consolida y el pa\u00eds deja atr\u00e1s <strong>d\u00e9cadas de crisis<\/strong> y <strong>estancamiento<\/strong>.<\/p>\n<p>Seg\u00fan el informe m\u00e1s reciente del\u00a0Nowcast de Pobreza de la <strong>Universidad Torcuato Di Tella<\/strong> (UTDT), elaborado por <strong>Mart\u00edn Gonz\u00e1lez-Rozada<\/strong>, la incidencia de la pobreza urbana, medida como el porcentaje de personas en hogares cuyos ingresos no cubren la canasta b\u00e1sica total (CBT), experiment\u00f3 una nueva <strong>reducci\u00f3n notable<\/strong>.<\/p>\n<p>Mientras el semestre octubre 2024-marzo 2025 proyecta una tasa de pobreza del <strong>36.1%<\/strong>, el desglose revela que en el <strong>primer trimestre de 2025<\/strong> esta cifra <strong>cae al 34.4%<\/strong>, frente al <strong>37.9%<\/strong> del <strong>cuarto trimestre de 2024<\/strong>.<\/p>\n<div class=\"inter_image image_horizontal\">\n<picture><source class=\"img-responsive\" type=\"image\/webp\" data-srcset=\"\/filesedc\/uploads\/image\/post\/gldt5wnwiaamuxk_300_200.webp 300w, \n\/filesedc\/uploads\/image\/post\/gldt5wnwiaamuxk_630_420.webp 630w,\n                                \/filesedc\/uploads\/image\/post\/gldt5wnwiaamuxk_760_507.webp 760w,\n                                \/filesedc\/uploads\/image\/post\/gldt5wnwiaamuxk_1200_800.webp 1200w,\n                                \/filesedc\/uploads\/image\/post\/gldt5wnwiaamuxk_1600_1067.webp 1600w\"><img decoding=\"async\" src=\"https:\/\/derechadiario.com.ar\/filesedc\/uploads\/image\/post\/gldt5wnwiaamuxk_1200_800.webp\" class=\"img-responsive lazyload\" alt=\"Un hombre con traje oscuro y corbata de lunares frente a una bandera de Argentina.\" title=\"Un hombre con traje oscuro y corbata de lunares frente a una bandera de Argentina.\"><\/picture>\n<div>\n<span class=\"img_footer\">Javier Milei, presidente de Argentina. <\/span>| <span class=\"img_author\">La Derecha Diario<\/span>\n<\/div>\n<\/div>\n<p>Este logro monumental refleja que <strong>m\u00e1s de 10 millones de argentinos han salido de la pobreza<\/strong> en un per\u00edodo extraordinariamente breve, gracias a las pol\u00edticas econ\u00f3micas del Gobierno de Milei.<\/p>\n<aside class=\"are-you-interested-container-photo\"><\/aside>\n<p>El Nowcast, basado en proyecciones de la Encuesta Permanente de Hogares (EPH) del INDEC, estima que la CBT promedio en el Gran Buenos Aires alcanz\u00f3 los $344,649 por adulto equivalente, con un aumento interanual del 88.4%. Sin embargo, los ingresos totales familiares (ITF) crecieron un impresionante 144.0% en el mismo per\u00edodo, superando fuertemente a la inflaci\u00f3n y evidenciando el \u00e9xito de las medidas econ\u00f3micas de Milei para recuperar el poder adquisitivo.<\/p>\n<p>Desde su asunci\u00f3n, el Gobierno de Milei implement\u00f3 reformas estructurales, desregulando la econom\u00eda, reduciendo el gasto p\u00fablico, eliminando la emisi\u00f3n monetaria y el d\u00e9ficit fiscal, y destruyendo la inflaci\u00f3n, lo que\u00a0impact\u00f3 positivamente\u00a0en\u00a0el empleo y en el poder adquisitivo de las\u00a0familias.<\/p>\n<aside class=\"whatsappChannelText\"><a href=\"https:\/\/whatsapp.com\/channel\/0029VagEjILGE56eKjedWF2U\" rel=\"nofollow\" title=\"WhatsApp Link\"><img alt=\"Logo de WhatsApp\" class=\"lazyload\" data-src=\"https:\/\/derechadiario.com.ar\/filesedc\/uploads\/other\/whatsapp_icon_mid_article.png\" width=\"32\" height=\"32\"><\/a> <a href=\"https:\/\/whatsapp.com\/channel\/0029VagEjILGE56eKjedWF2U\" rel=\"nofollow\" title=\"WhatsApp Link\"><strong>NO SE PIERDAN NINGUNA NOTICIA<\/strong>: Click aqu\u00ed para sumarte <strong>GRATIS<\/strong> al canal de noticias de <strong>La Derecha Diario en WhatsApp.<\/strong><\/a><\/aside>\n<figure><img decoding=\"async\" src=\"https:\/\/derechadiario.com.ar\/filesedc\/uploads\/image\/post\/-1x-1-1739913552197_1200_800.webp\" class=\"img-responsive lazyload\" alt=\"Un hombre sonriente con el pu\u00f1o levantado en un evento en Nueva York.\" title=\"Un hombre sonriente con el pu\u00f1o levantado en un evento en Nueva York.\"><\/figure>\n<p>Estas pol\u00edticas generaron un entorno de confianza y estabilidad, permitiendo que los argentinos <strong>recuperen su capacidad de consumo<\/strong> y <strong>bienestar<\/strong>. La <strong>ca\u00edda de la pobreza<\/strong> al <strong>34.4%<\/strong> no solo es un n\u00famero, sino una prueba del compromiso de Milei con la <strong>prosperidad de todos los ciudadanos<\/strong>, especialmente los m\u00e1s vulnerables.<\/p>\n<p>Aunque el camino hacia una Argentina pr\u00f3spera todav\u00eda contin\u00faa, los datos de la UTDT sobre la pobreza en el primer trimestre de 2025 reflejan un <strong>gran comienzo de a\u00f1o<\/strong>. El modelo econ\u00f3mico del Gobierno de Milei, sacando a m\u00e1s de 10 millones de personas de la pobreza, establece las bases para un futuro de crecimiento sostenido.<\/p>\n","protected":false},"excerpt":{"rendered":"<p>Bajo el Gobierno de Javier Milei, la pobreza en Argentina sigue cayendo mientras la recuperaci\u00f3n econ\u00f3mica se consolida y el pa\u00eds deja atr\u00e1s d\u00e9cadas de crisis y estancamiento. Seg\u00fan el informe m\u00e1s reciente del\u00a0Nowcast de Pobreza de la Universidad Torcuato Di Tella (UTDT), elaborado por Mart\u00edn Gonz\u00e1lez-Rozada, la incidencia de la pobreza urbana, medida como [&hellip;]<\/p>\n","protected":false},"author":2,"featured_media":2050,"comment_status":"open","ping_status":"open","sticky":false,"template":"","format":"standard","meta":{"_et_pb_use_builder":"","_et_pb_old_content":"","_et_gb_content_width":"","footnotes":""},"categories":[80],"tags":[],"class_list":["post-2049","post","type-post","status-publish","format-standard","has-post-thumbnail","hentry","category-economia-2"],"_links":{"self":[{"href":"https:\/\/verdadincomodadiario.ar\/index.php?rest_route=\/wp\/v2\/posts\/2049","targetHints":{"allow":["GET"]}}],"collection":[{"href":"https:\/\/verdadincomodadiario.ar\/index.php?rest_route=\/wp\/v2\/posts"}],"about":[{"href":"https:\/\/verdadincomodadiario.ar\/index.php?rest_route=\/wp\/v2\/types\/post"}],"author":[{"embeddable":true,"href":"https:\/\/verdadincomodadiario.ar\/index.php?rest_route=\/wp\/v2\/users\/2"}],"replies":[{"embeddable":true,"href":"https:\/\/verdadincomodadiario.ar\/index.php?rest_route=%2Fwp%2Fv2%2Fcomments&post=2049"}],"version-history":[{"count":0,"href":"https:\/\/verdadincomodadiario.ar\/index.php?rest_route=\/wp\/v2\/posts\/2049\/revisions"}],"wp:featuredmedia":[{"embeddable":true,"href":"https:\/\/verdadincomodadiario.ar\/index.php?rest_route=\/wp\/v2\/media\/2050"}],"wp:attachment":[{"href":"https:\/\/verdadincomodadiario.ar\/index.php?rest_route=%2Fwp%2Fv2%2Fmedia&parent=2049"}],"wp:term":[{"taxonomy":"category","embeddable":true,"href":"https:\/\/verdadincomodadiario.ar\/index.php?rest_route=%2Fwp%2Fv2%2Fcategories&post=2049"},{"taxonomy":"post_tag","embeddable":true,"href":"https:\/\/verdadincomodadiario.ar\/index.php?rest_route=%2Fwp%2Fv2%2Ftags&post=2049"}],"curies":[{"name":"wp","href":"https:\/\/api.w.org\/{rel}","templated":true}]}}