{"id":2047,"date":"2025-04-14T13:57:21","date_gmt":"2025-04-14T13:57:21","guid":{"rendered":"https:\/\/verdadincomodadiario.ar\/?p=2047"},"modified":"2025-04-14T13:57:21","modified_gmt":"2025-04-14T13:57:21","slug":"el-fmi-proyecta-que-la-economia-de-argentina-va-a-crecer-un-55-en-2025","status":"publish","type":"post","link":"https:\/\/verdadincomodadiario.ar\/?p=2047","title":{"rendered":"El FMI proyecta que la econom\u00eda de Argentina va a crecer un 5,5% en 2025"},"content":{"rendered":"<p>El <strong>Fondo Monetario Internacional<\/strong> (FMI) proyect\u00f3 un <strong>crecimiento<\/strong>\u00a0 del <strong>Producto Bruto Interno<\/strong> de la <a href=\"https:\/\/derechadiario.com.ar\/politica\/javier-milei-cadena-nacional-eliminamos-cepo-para-siempre\" title=\"Javier Milei en cadena nacional: 'Eliminamos el cepo para siempre'\">Argentina <\/a>(PBI) del <strong>5,5% para el a\u00f1o 2025,<\/strong> impulsado por la solidez de la demanda interna y los efectos de arrastre estad\u00edsticos tras una <strong>mejora significativa en la segunda mitad de 2024<\/strong>. Esta proyecci\u00f3n representa un contundente respaldo al programa econ\u00f3mico del presidente <a href=\"https:\/\/derechadiario.com.ar\/politica\/los-empresarios-argentinos-ap0yaron-las-medidas-anunciadas-por-gobierno-milei\" title=\"Los empresarios argentinos apoyaron las medidas anunciadas por el Gobierno de Milei\">Javier Milei.<\/a><\/p>\n<p>Seg\u00fan el \u00faltimo informe del <strong>staff<\/strong>\u00a0 del organismo multilateral, tras una leve contracci\u00f3n del <strong>1,7% en 2024<\/strong> \u2014herencia directa de una econom\u00eda devastada por d\u00e9cadas de populismo, emisi\u00f3n sin respaldo y estatismo improductivo <strong>kirchnerista<\/strong>\u2014 la <strong>Argentina<\/strong>\u00a0 entra en una nueva etapa. El texto afirma con claridad que el crecimiento ser\u00e1 sostenido <strong>\u201cpor una s\u00f3lida demanda interna y los efectos estad\u00edsticos de arrastre de una din\u00e1mica de crecimiento subyacente m\u00e1s fuerte durante el segundo semestre de 2024\u201d.<\/strong><\/p>\n<p>El informe no escatima en se\u00f1alar el contraste entre el pasado reciente y el futuro cercano. En cifras crudas, el <strong>PBI per c\u00e1pita de la Argentina cay\u00f3 un 10% entre 2011 y 2023<\/strong>, lo que el Fondo califica como un verdadero \u201cmilagro al rev\u00e9s\u201d. En comparaci\u00f3n con pa\u00edses como \u00a0<strong>Colombia, Per\u00fa, Chile, M\u00e9xico y Brasil,<\/strong> la Argentina qued\u00f3 rezagada en crecimiento, productividad e inversi\u00f3n. Mientras Colombia y Per\u00fa crecieron a un promedio cercano al 3% anual y Chile y M\u00e9xico superaron el 2%, Argentina se mantuvo <strong>estancada<\/strong>\u00a0 en un promedio del 0%.<\/p>\n<p>A contramano del pasado, el gobierno de <strong>Milei<\/strong>\u00a0 ha logrado lo que parec\u00eda imposible: ordenar las cuentas p\u00fablicas en tiempo r\u00e9cord. El <strong>FMI<\/strong>\u00a0 proyecta para este a\u00f1o un super\u00e1vit primario del <strong>1,3% del PBI<\/strong>, aunque el Gobierno ya anticip\u00f3 que podr\u00eda alcanzar el \u00a0<strong>1,6%,<\/strong> en previsi\u00f3n de un entorno internacional desafiante. Para el mediano plazo, se espera un <strong>super\u00e1vit primario corriente del 2,5% del PBI<\/strong>, gracias a una combinaci\u00f3n de disciplina fiscal, reestructuraci\u00f3n tributaria y una reforma previsional.<\/p>\n<aside class=\"are-you-interested-container-photo\"><\/aside>\n<div class=\"inter_image image_horizontal\">\n<picture><source class=\"img-responsive\" type=\"image\/webp\" data-srcset=\"\/filesedc\/uploads\/image\/post\/captura-de-pantalla-2025-04-12-221242_300_200.webp 300w, \n\/filesedc\/uploads\/image\/post\/captura-de-pantalla-2025-04-12-221242_630_420.webp 630w,\n                                \/filesedc\/uploads\/image\/post\/captura-de-pantalla-2025-04-12-221242_760_507.webp 760w,\n                                \/filesedc\/uploads\/image\/post\/captura-de-pantalla-2025-04-12-221242_1200_800.webp 1200w,\n                                \/filesedc\/uploads\/image\/post\/captura-de-pantalla-2025-04-12-221242_1600_1067.webp 1600w\"><img decoding=\"async\" src=\"https:\/\/derechadiario.com.ar\/filesedc\/uploads\/image\/post\/captura-de-pantalla-2025-04-12-221242_1200_800.webp\" class=\"img-responsive lazyload\" alt=\"Gr\u00e1fico de barras que muestra la composici\u00f3n del crecimiento real del PBI en varios pa\u00edses de Am\u00e9rica Latina entre 2012 y 2023, desglosado por capital, labor y productividad total de los factores.\" title=\"Gr\u00e1fico de barras que muestra la composici\u00f3n del crecimiento real del PBI en varios pa\u00edses de Am\u00e9rica Latina entre 2012 y 2023, desglosado por capital, labor y productividad total de los factores.\"><\/picture>\n<div>\n<span class=\"img_footer\">Gr\u00e1fico del FMI contrasta el estancamiento del PBI argentino con el crecimiento de otros pa\u00edses de la regi\u00f3n. <\/span>| <span class=\"img_author\">La Derecha Diario<\/span>\n<\/div>\n<\/div>\n<p>El FMI lo reconoce en forma expl\u00edcita: <strong>\u201cLa continua y estricta disciplina del gasto, junto con las reformas fiscales en los \u00e1mbitos tributario, de coparticipaci\u00f3n en los ingresos y de pensiones, deber\u00eda seguir reforzando el ancla fiscal\u201d.<\/strong>\u00a0Adem\u00e1s, el organismo destaca que \u00a0<strong>\u201cfortalecer los fundamentos macroecon\u00f3micos de la econom\u00eda es una condici\u00f3n necesaria para lograr un crecimiento sostenible\u201d<\/strong>, algo que el nuevo rumbo del pa\u00eds est\u00e1 empezando a garantizar.<\/p>\n<p>Otro punto a favor del nuevo modelo econ\u00f3mico es el <strong>R\u00e9gimen de Incentivos para Grandes Inversiones<\/strong> (RIGI), ya operativo, que permiti\u00f3 compromisos de <strong>USD 12.000 millones en inversiones extranjeras directas.<\/strong> Este nuevo marco regulatorio \u2014amigable con los mercados y competitivo a nivel regional\u2014 est\u00e1 dise\u00f1ado para atraer capitales a gran escala y estimular el desarrollo de sectores clave.<\/p>\n<aside class=\"whatsappChannelText\"><a href=\"https:\/\/whatsapp.com\/channel\/0029VagEjILGE56eKjedWF2U\" rel=\"nofollow\" title=\"WhatsApp Link\"><img alt=\"Logo de WhatsApp\" class=\"lazyload\" data-src=\"https:\/\/derechadiario.com.ar\/filesedc\/uploads\/other\/whatsapp_icon_mid_article.png\" width=\"32\" height=\"32\"><\/a> <a href=\"https:\/\/whatsapp.com\/channel\/0029VagEjILGE56eKjedWF2U\" rel=\"nofollow\" title=\"WhatsApp Link\"><strong>NO SE PIERDAN NINGUNA NOTICIA<\/strong>: Click aqu\u00ed para sumarte <strong>GRATIS<\/strong> al canal de noticias de <strong>La Derecha Diario en WhatsApp.<\/strong><\/a><\/aside>\n<figure><img decoding=\"async\" src=\"https:\/\/derechadiario.com.ar\/filesedc\/uploads\/image\/post\/la-lista-de-trump_1200_800.webp\" class=\"img-responsive lazyload\" alt=\"Un hombre en un podio sostiene un cartel que muestra una lista de aranceles rec\u00edprocos frente a una bandera de Estados Unidos.\" title=\"Un hombre en un podio sostiene un cartel que muestra una lista de aranceles rec\u00edprocos frente a una bandera de Estados Unidos.\"><\/figure>\n<p>El informe tambi\u00e9n menciona riesgos a tener en cuenta, como los pasivos contingentes vinculados a la <strong>estatizaci\u00f3n de YPF y los cupones del PBI<\/strong>. Aunque el FMI no lo menciona directamente, estos pasivos son resultado directo de la gesti\u00f3n del entonces ministro de Econom\u00eda <strong>Axel Kicillof<\/strong>, actual gobernador bonaerense, cuya impericia jur\u00eddica \u00a0<strong>gener\u00f3 un verdadero problema financiero internacional.<\/strong><\/p>\n<p>Asimismo, el FMI advierte sobre las \u201ctensiones comerciales\u201d globales, particularmente las derivadas de las <strong>pol\u00edticas arancelarias de EE.UU., impulsadas por la administraci\u00f3n Trump<\/strong>. Si bien podr\u00edan impactar en la demanda global y los precios de las materias primas, el efecto directo sobre la Argentina ser\u00e1 limitado: en 2024, las exportaciones a EE.UU. representaron \u00a0<strong>USD 6.500 millones<\/strong>, apenas el 1% del PBI, y el arancel del 10% que impuso <strong>Washington<\/strong>\u00a0 tendr\u00eda un efecto inferior al 0,1% del PBI argentino.<\/p>\n","protected":false},"excerpt":{"rendered":"<p>El Fondo Monetario Internacional (FMI) proyect\u00f3 un crecimiento\u00a0 del Producto Bruto Interno de la Argentina (PBI) del 5,5% para el a\u00f1o 2025, impulsado por la solidez de la demanda interna y los efectos de arrastre estad\u00edsticos tras una mejora significativa en la segunda mitad de 2024. Esta proyecci\u00f3n representa un contundente respaldo al programa econ\u00f3mico [&hellip;]<\/p>\n","protected":false},"author":2,"featured_media":2048,"comment_status":"open","ping_status":"open","sticky":false,"template":"","format":"standard","meta":{"_et_pb_use_builder":"","_et_pb_old_content":"","_et_gb_content_width":"","footnotes":""},"categories":[80],"tags":[],"class_list":["post-2047","post","type-post","status-publish","format-standard","has-post-thumbnail","hentry","category-economia-2"],"_links":{"self":[{"href":"https:\/\/verdadincomodadiario.ar\/index.php?rest_route=\/wp\/v2\/posts\/2047","targetHints":{"allow":["GET"]}}],"collection":[{"href":"https:\/\/verdadincomodadiario.ar\/index.php?rest_route=\/wp\/v2\/posts"}],"about":[{"href":"https:\/\/verdadincomodadiario.ar\/index.php?rest_route=\/wp\/v2\/types\/post"}],"author":[{"embeddable":true,"href":"https:\/\/verdadincomodadiario.ar\/index.php?rest_route=\/wp\/v2\/users\/2"}],"replies":[{"embeddable":true,"href":"https:\/\/verdadincomodadiario.ar\/index.php?rest_route=%2Fwp%2Fv2%2Fcomments&post=2047"}],"version-history":[{"count":0,"href":"https:\/\/verdadincomodadiario.ar\/index.php?rest_route=\/wp\/v2\/posts\/2047\/revisions"}],"wp:featuredmedia":[{"embeddable":true,"href":"https:\/\/verdadincomodadiario.ar\/index.php?rest_route=\/wp\/v2\/media\/2048"}],"wp:attachment":[{"href":"https:\/\/verdadincomodadiario.ar\/index.php?rest_route=%2Fwp%2Fv2%2Fmedia&parent=2047"}],"wp:term":[{"taxonomy":"category","embeddable":true,"href":"https:\/\/verdadincomodadiario.ar\/index.php?rest_route=%2Fwp%2Fv2%2Fcategories&post=2047"},{"taxonomy":"post_tag","embeddable":true,"href":"https:\/\/verdadincomodadiario.ar\/index.php?rest_route=%2Fwp%2Fv2%2Ftags&post=2047"}],"curies":[{"name":"wp","href":"https:\/\/api.w.org\/{rel}","templated":true}]}}