{"id":2045,"date":"2025-04-14T13:57:22","date_gmt":"2025-04-14T13:57:22","guid":{"rendered":"https:\/\/verdadincomodadiario.ar\/?p=2045"},"modified":"2025-04-14T13:57:22","modified_gmt":"2025-04-14T13:57:22","slug":"decir-que-milei-devaluo-al-levantar-el-cepo-es-pura-deshonestidad-intelectual","status":"publish","type":"post","link":"https:\/\/verdadincomodadiario.ar\/?p=2045","title":{"rendered":"Decir que Milei devalu\u00f3 al levantar el cepo es pura deshonestidad intelectual"},"content":{"rendered":"<p>En el debate p\u00fablico argentino persiste una confusi\u00f3n conceptual: muchos creen que eliminar el cepo cambiario y permitir la flotaci\u00f3n del tipo de cambio equivale autom\u00e1ticamente a una devaluaci\u00f3n. Pero esta asociaci\u00f3n es err\u00f3nea desde el punto de vista t\u00e9cnico y econ\u00f3mico. Devaluar implica una decisi\u00f3n discrecional del Estado o del Banco Central de aumentar el tipo de cambio oficial en un salto nominal, es decir, una depreciaci\u00f3n forzada del peso fijada por pol\u00edtica.<\/p>\n<p>Por el contrario, \u00a0<strong>liberar el tipo de cambio en el contexto de un mercado flotante significa que el precio del d\u00f3lar lo determina la oferta y la demanda, sin una fijaci\u00f3n artificial ni un salto abrupto impuesto desde el poder.<\/strong> Por lo tanto, si no hay una decision discrecional de modificar el tipo de cambio oficial, sino una convergencia hacia el precio que ya se refleja en el mercado informal, no hay devaluaci\u00f3n en t\u00e9rminos t\u00e9cnicos: hay un sinceramiento de precios relativos.<\/p>\n<div class=\"inter_image image_horizontal\">\n<picture><source class=\"img-responsive\" type=\"image\/webp\" data-srcset=\"\/filesedc\/uploads\/image\/post\/gotgberwgaahut6_300_200.webp 300w, \n\/filesedc\/uploads\/image\/post\/gotgberwgaahut6_630_420.webp 630w,\n                                \/filesedc\/uploads\/image\/post\/gotgberwgaahut6_760_507.webp 760w,\n                                \/filesedc\/uploads\/image\/post\/gotgberwgaahut6_1200_800.webp 1200w,\n                                \/filesedc\/uploads\/image\/post\/gotgberwgaahut6_1600_1067.webp 1600w\"><img decoding=\"async\" src=\"https:\/\/derechadiario.com.ar\/filesedc\/uploads\/image\/post\/gotgberwgaahut6_1200_800.webp\" class=\"img-responsive lazyload\" alt=\"Un grupo de personas vestidas formalmente est\u00e1 sentado alrededor de una mesa en una sala decorada con detalles dorados y una bandera.\" title=\"Un grupo de personas vestidas formalmente est\u00e1 sentado alrededor de una mesa en una sala decorada con detalles dorados y una bandera.\"><\/picture>\n<div>\n<span class=\"img_footer\">Conferencia de prensa fin del cepo. <\/span>| <span class=\"img_author\">La Derecha Diario<\/span>\n<\/div>\n<\/div>\n<p><strong>El punto central es que el valor real del d\u00f3lar ya fue asimilado por el mercado a trav\u00e9s de los canales paralelos blue, MEP, contado con liquidaci\u00f3n que desde hace meses reflejan un tipo de cambio mas cercano al equilibrio.<\/strong> Liberar el tipo de cambio no crea un nuevo precio, sino que legaliza y unifica los valores que ya existen en la econom\u00eda real. En otras palabras, la devaluaci\u00f3n ya ocurri\u00f3, pero ocurri\u00f3\u00a0por fuera del circuito oficial. <strong>Salir del cepo no es devaluar: es terminar con la ficci\u00f3n de un tipo de cambio subsidiado y pol\u00edticamente manipulado.<\/strong><\/p>\n<h2>No hay presi\u00f3n devaluatoria cuando hay equilibrio macroeconomico<\/h2>\n<p>Una devaluaci\u00f3n suele ser la consecuencia de desequilibrios estructurales, como emisi\u00f3n\u00a0monetaria sin respaldo, d\u00e9ficit fiscal cr\u00f3nico o perdida de reservas internacionales. Pero el actual esquema de pol\u00edtica econ\u00f3mica ha eliminado la emision monetaria para financiar el d\u00e9ficit, ha logrado super\u00e1vit financiero y ha acumulado reservas.<\/p>\n<figure><img decoding=\"async\" src=\"https:\/\/derechadiario.com.ar\/filesedc\/uploads\/image\/post\/milei-y-caputo-abrazo_1200_800.webp\" class=\"img-responsive lazyload\" alt=\"Dos personas abraz\u00e1ndose en un entorno elegante con una bandera argentina de fondo.\" title=\"Dos personas abraz\u00e1ndose en un entorno elegante con una bandera argentina de fondo.\"><\/figure>\n<p>Estos fundamentos macroecon\u00f3micos solidos reducen y en muchos casos eliminan la presi\u00f3n estructural sobre el tipo de cambio. <strong>Por tanto, no solo no hay necesidad de devaluar, sino que existen condiciones para que el tipo de cambio real se mantenga estable o incluso se aprecie gradualmente, en funci\u00f3n de una mayor confianza y previsibilidad.<\/strong><\/p>\n<p>A todo esto se suma un punto clave: el tipo de cambio no es un s\u00edmbolo pol\u00edtico ni un objetivo en si mismo, sino un precio mas de la econom\u00eda. Como todo precio, debe surgir de la libre interacci\u00f3n entre oferta y demanda. Cuando el tipo de cambio es manipulado, se generan distorsiones profundas: escasez de divisas, incentivos a la evasi\u00f3n, subfacturaci\u00f3n de exportaciones, sobrefacturaci\u00f3n de importaciones y una perdida de competitividad real. Liberarlo no es devaluar; es permitir que la econom\u00eda funcione sin trabas, con se\u00f1ales claras y precios reales.<\/p>\n<h2>La critica liberal cl\u00e1sica al control de cambios<\/h2>\n<p>Desde la Escuela Austriaca de Econom\u00eda, los controles cambiarios como el cepo han sido denunciados sistem\u00e1ticamente como uno de los mecanismos m\u00e1s distorsivos y autoritarios en materia monetaria. Friedrich Hayek, en Camino de Servidumbre, advierte que los controles de precios y de cambios son instrumentos t\u00edpicos de reg\u00edmenes intervencionistas que buscan manipular el comportamiento econ\u00f3mico a trav\u00e9s de la coerci\u00f3n, generando consecuencias no deseadas como el mercado negro, la corrupci\u00f3n y la escasez. Ludwig von Mises tambien fue contundente: <strong>los controles cambiarios son incompatibles con una econom\u00eda libre y funcional, ya que interrumpen el proceso de descubrimiento de precios y rompen los incentivos a producir, invertir y\u00a0comerciar.<\/strong><\/p>\n<p>En este marco, la eliminaci\u00f3n del cepo no es solo una medida t\u00e9cnica: es un acto pol\u00edtico y filos\u00f3fico de gran profundidad. Significa confiar nuevamente en el mercado como sistema de coordinaci\u00f3n social, devolver la soberan\u00eda monetaria a los ciudadanos y desmontar d\u00e9cadas de manipulaci\u00f3n centralizada. <strong>En definitiva, es restaurar la libertad econ\u00f3mica y el orden espontaneo que permite a los precios incluido el tipo de cambio reflejar informaci\u00f3n real, no caprichos burocr\u00e1ticos.<\/strong><\/p>\n<h2>Una leccion clave: el dolar no genera inflacion, la emision si<\/h2>\n<p><strong>En un reciente posteo en X, el ministro Federico Sturzenegger sintetizo con claridad este fen\u00f3meno. Hace anos los argentinos vieron que el d\u00f3lar y los precios se movieron juntos.<\/strong> Pero esto no quiere decir que el tipo de cambio es responsable de la inflaci\u00f3n, explico, y agrego una analog\u00eda precisa: Bastar\u00eda con notar que el precio de la papa y los precios tambien se movieron juntos y nadie dice que el precio de la papa es la que genera inflaci\u00f3n. Lo que une a todos estos precios es una variable com\u00fan: la cantidad de dinero. Es ella y no el d\u00f3lar la que determina el nivel general de precios. Esta explicaci\u00f3n desmonta uno de los mitos m\u00e1s arraigados de la econom\u00eda argentina: que el d\u00f3lar es el motor de la inflaci\u00f3n. En verdad, la inflaci\u00f3n, el tipo de cambio y el precio de la papa responden a la misma causa: la expansi\u00f3n monetaria. Por eso, en un contexto como el actual, con super\u00e1vit fiscal y emisi\u00f3n monetaria nula, no hay raz\u00f3n para que los movimientos del d\u00f3lar tengan impacto directo en el nivel general de precios.<\/p>\n<aside class=\"whatsappChannelText\"><a href=\"https:\/\/whatsapp.com\/channel\/0029VagEjILGE56eKjedWF2U\" rel=\"nofollow\" title=\"WhatsApp Link\"><img alt=\"Logo de WhatsApp\" class=\"lazyload\" data-src=\"https:\/\/derechadiario.com.ar\/filesedc\/uploads\/other\/whatsapp_icon_mid_article.png\" width=\"32\" height=\"32\"><\/a> <a href=\"https:\/\/whatsapp.com\/channel\/0029VagEjILGE56eKjedWF2U\" rel=\"nofollow\" title=\"WhatsApp Link\"><strong>NO SE PIERDAN NINGUNA NOTICIA<\/strong>: Click aqu\u00ed para sumarte <strong>GRATIS<\/strong> al canal de noticias de <strong>La Derecha Diario en WhatsApp.<\/strong><\/a><\/aside>\n<figure><img decoding=\"async\" src=\"https:\/\/derechadiario.com.ar\/filesedc\/uploads\/image\/post\/3e786bf8-ad3a-4d17-aba4-3c8a5a935ee3_1200_1600.webp\" class=\"img-responsive lazyload\" alt=\"El texto es un comentario de Fede Sturzenegger sobre una declaraci\u00f3n del presidente @JMilei. Habla sobre la relaci\u00f3n entre el d\u00f3lar, los precios y la inflaci\u00f3n en Argentina, explicando que aunque el d\u00f3lar y los precios se mueven juntos, no significa que el tipo de cambio sea responsable de la inflaci\u00f3n. Menciona que una tercera variable, la cantidad de dinero, afecta tanto al d\u00f3lar como a los precios. Destaca la importancia de esta relaci\u00f3n en el contexto de un nuevo sistema monetario en Argentina.\" title=\"El texto es un comentario de Fede Sturzenegger sobre una declaraci\u00f3n del presidente @JMilei. Habla sobre la relaci\u00f3n entre el d\u00f3lar, los precios y la inflaci\u00f3n en Argentina, explicando que aunque el d\u00f3lar y los precios se mueven juntos, no significa que el tipo de cambio sea responsable de la inflaci\u00f3n. Menciona que una tercera variable, la cantidad de dinero, afecta tanto al d\u00f3lar como a los precios. Destaca la importancia de esta relaci\u00f3n en el contexto de un nuevo sistema monetario en Argentina.\"><\/figure>\n<p>La ensenanza es contundente: cuando se controla la base monetaria, los precios pierden<br \/>volatilidad, incluso si el tipo de cambio se mueve. Por eso, la salida del cepo en estas condiciones no solo no implica una devaluacion, sino que sera una demostraci\u00f3n empirica de que el verdadero\u00a0ancla antiinflacionaria no es el tipo de cambio, sino la disciplina monetaria y fiscal.<\/p>\n<p>Como se\u00f1alo Sturzenegger, Argentina llega tarde al club de la normalidad, pero por fin esta entrando. Sin atajos, sin especulaciones, simplemente haciendo lo que habia que hacer.<\/p>\n","protected":false},"excerpt":{"rendered":"<p>En el debate p\u00fablico argentino persiste una confusi\u00f3n conceptual: muchos creen que eliminar el cepo cambiario y permitir la flotaci\u00f3n del tipo de cambio equivale autom\u00e1ticamente a una devaluaci\u00f3n. Pero esta asociaci\u00f3n es err\u00f3nea desde el punto de vista t\u00e9cnico y econ\u00f3mico. Devaluar implica una decisi\u00f3n discrecional del Estado o del Banco Central de aumentar [&hellip;]<\/p>\n","protected":false},"author":2,"featured_media":2046,"comment_status":"open","ping_status":"open","sticky":false,"template":"","format":"standard","meta":{"_et_pb_use_builder":"","_et_pb_old_content":"","_et_gb_content_width":"","footnotes":""},"categories":[80],"tags":[],"class_list":["post-2045","post","type-post","status-publish","format-standard","has-post-thumbnail","hentry","category-economia-2"],"_links":{"self":[{"href":"https:\/\/verdadincomodadiario.ar\/index.php?rest_route=\/wp\/v2\/posts\/2045","targetHints":{"allow":["GET"]}}],"collection":[{"href":"https:\/\/verdadincomodadiario.ar\/index.php?rest_route=\/wp\/v2\/posts"}],"about":[{"href":"https:\/\/verdadincomodadiario.ar\/index.php?rest_route=\/wp\/v2\/types\/post"}],"author":[{"embeddable":true,"href":"https:\/\/verdadincomodadiario.ar\/index.php?rest_route=\/wp\/v2\/users\/2"}],"replies":[{"embeddable":true,"href":"https:\/\/verdadincomodadiario.ar\/index.php?rest_route=%2Fwp%2Fv2%2Fcomments&post=2045"}],"version-history":[{"count":0,"href":"https:\/\/verdadincomodadiario.ar\/index.php?rest_route=\/wp\/v2\/posts\/2045\/revisions"}],"wp:featuredmedia":[{"embeddable":true,"href":"https:\/\/verdadincomodadiario.ar\/index.php?rest_route=\/wp\/v2\/media\/2046"}],"wp:attachment":[{"href":"https:\/\/verdadincomodadiario.ar\/index.php?rest_route=%2Fwp%2Fv2%2Fmedia&parent=2045"}],"wp:term":[{"taxonomy":"category","embeddable":true,"href":"https:\/\/verdadincomodadiario.ar\/index.php?rest_route=%2Fwp%2Fv2%2Fcategories&post=2045"},{"taxonomy":"post_tag","embeddable":true,"href":"https:\/\/verdadincomodadiario.ar\/index.php?rest_route=%2Fwp%2Fv2%2Ftags&post=2045"}],"curies":[{"name":"wp","href":"https:\/\/api.w.org\/{rel}","templated":true}]}}