{"id":2043,"date":"2025-04-14T13:57:23","date_gmt":"2025-04-14T13:57:23","guid":{"rendered":"https:\/\/verdadincomodadiario.ar\/?p=2043"},"modified":"2025-04-14T13:57:23","modified_gmt":"2025-04-14T13:57:23","slug":"ypf-podria-bajar-el-precio-de-la-nafta-gracias-a-la-caida-del-petroleo","status":"publish","type":"post","link":"https:\/\/verdadincomodadiario.ar\/?p=2043","title":{"rendered":"YPF podr\u00eda bajar el precio de la nafta, gracias a la ca\u00edda del petr\u00f3leo"},"content":{"rendered":"<p>En una clara muestra de sinton\u00eda con el nuevo rumbo <a href=\"https:\/\/derechadiario.com.ar\/economia\/decir-que-milei-devaluo-al-levantar-cepo-pura-deshonestidad-intelectual\" title=\"Decir que Milei devalu\u00f3 al levantar el cepo es pura deshonestidad intelectual\">econ\u00f3mico <\/a>del <a href=\"https:\/\/derechadiario.com.ar\/economia\/pobreza-argentina-bajo-al-344-trimestre-2025-segun-utdt\" title=\"La pobreza en Argentina baj\u00f3 al 34,4% en el primer trimestre de 2025, seg\u00fan la UTDT\">pa\u00eds<\/a>, la petrolera estatal <strong>YPF<\/strong> eval\u00faa <strong>reducir los precios de la nafta y el gasoil si contin\u00faa el descenso del precio internacional del petr\u00f3leo<\/strong>, que en las \u00faltimas jornadas \u00a0<strong>cay\u00f3 de US$75 a US$64<\/strong> por barril del tipo Brent. Esta baja se da en un contexto de fuerte tensi\u00f3n comercial internacional, producto de los aranceles impuestos por el presidente de \u00a0<strong>Estados Unidos, Donald Trump,<\/strong> y del aumento de la producci\u00f3n anunciado por la <strong>OPEP.<\/strong><\/p>\n<p>El anuncio fue realizado por el presidente de YPF, <strong>Horacio Mar\u00edn<\/strong>, en un evento de alto perfil: la presentaci\u00f3n del plan estrat\u00e9gico quinquenal de la compa\u00f1\u00eda en la <strong>Bolsa de Valores de Wall Street<\/strong>. All\u00ed, Mar\u00edn asegur\u00f3 que \u00a0<strong>\u201csi el precio del crudo sigue bajando, vamos a hacer n\u00fameros y, si corresponde, bajaremos los precios\u201d<\/strong>, en l\u00ednea con el nuevo paradigma de eficiencia, competitividad y transparencia que promueve la administraci\u00f3n <strong>Milei<\/strong>.<\/p>\n<div class=\"inter_image image_horizontal\">\n<picture><source class=\"img-responsive\" type=\"image\/webp\" data-srcset=\"\/filesedc\/uploads\/image\/post\/ypf_300_200.webp 300w, \n\/filesedc\/uploads\/image\/post\/ypf_630_420.webp 630w,\n                                \/filesedc\/uploads\/image\/post\/ypf_760_507.webp 760w,\n                                \/filesedc\/uploads\/image\/post\/ypf_1200_800.webp 1200w,\n                                \/filesedc\/uploads\/image\/post\/ypf_1600_1067.webp 1600w\"><img decoding=\"async\" src=\"https:\/\/derechadiario.com.ar\/filesedc\/uploads\/image\/post\/ypf_1200_800.webp\" class=\"img-responsive lazyload\" alt=\"Un hombre con banda presidencial y bast\u00f3n saluda frente a un fondo industrial con tanques y maquinaria de YPF y una bandera argentina ondeando.\" title=\"Un hombre con banda presidencial y bast\u00f3n saluda frente a un fondo industrial con tanques y maquinaria de YPF y una bandera argentina ondeando.\"><\/picture>\n<div>\n<span class=\"img_footer\">El presidente de la naci\u00f3n, Javier Gerardo Milei. <\/span>| <span class=\"img_author\">La Derecha Diario<\/span>\n<\/div>\n<\/div>\n<p>Ya en octubre del a\u00f1o pasado, <strong>YPF<\/strong>\u00a0 hab\u00eda dado una se\u00f1al al mercado al reducir los precios en un \u00a0<strong>4%<\/strong>\u00a0 para la nafta y un \u00a0<strong>5%<\/strong>\u00a0 para el gasoil. No obstante, debido a la incidencia impositiva, la baja efectiva en los surtidores fue del \u00a0<strong>1% y 2%<\/strong> respectivamente, demostrando c\u00f3mo la presi\u00f3n tributaria heredada condiciona a\u00fan la competitividad del sector.<\/p>\n<p>Hoy, la nueva pol\u00edtica de liberaci\u00f3n del cepo cambiario implementada por el <strong>Gobierno<\/strong>\u00a0 se posiciona como otro factor clave: con un tipo de cambio flotante, el mercado determinar\u00e1 libremente la cotizaci\u00f3n, lo que, sumado a la baja del petr\u00f3leo, podr\u00eda traducirse en una disminuci\u00f3n concreta del precio al consumidor. Sin embargo, existe una variable que sigue distorsionando el cuadro: los impuestos. Actualmente, m\u00e1s del <strong>40%<\/strong>\u00a0 del precio final de los combustibles corresponde a la carga impositiva, un rezago del modelo intervencionista anterior que todav\u00eda incide en los bolsillos.<\/p>\n<aside class=\"whatsappChannelText\"><a href=\"https:\/\/whatsapp.com\/channel\/0029VagEjILGE56eKjedWF2U\" rel=\"nofollow\" title=\"WhatsApp Link\"><img alt=\"Logo de WhatsApp\" class=\"lazyload\" data-src=\"https:\/\/derechadiario.com.ar\/filesedc\/uploads\/other\/whatsapp_icon_mid_article.png\" width=\"32\" height=\"32\"><\/a> <a href=\"https:\/\/whatsapp.com\/channel\/0029VagEjILGE56eKjedWF2U\" rel=\"nofollow\" title=\"WhatsApp Link\"><strong>NO SE PIERDAN NINGUNA NOTICIA<\/strong>: Click aqu\u00ed para sumarte <strong>GRATIS<\/strong> al canal de noticias de <strong>La Derecha Diario en WhatsApp.<\/strong><\/a><\/aside>\n<aside class=\"are-you-interested-container-photo\"><\/aside>\n<figure><img decoding=\"async\" src=\"https:\/\/derechadiario.com.ar\/filesedc\/uploads\/image\/post\/logo-de-ypf-o-su-sede-principal-1024x588_1200_800.webp\" class=\"img-responsive lazyload\" alt=\"Edificio con fachada de vidrio que muestra un gran cartel de YPF con el lema \" impulsando lo nuestro y un logotipo en relieve el jard title=\"Edificio con fachada de vidrio que muestra un gran cartel de YPF con el lema \"><\/figure>\n<p>En ese sentido, el \u00faltimo aumento aplicado por YPF \u2014de apenas <strong>1,7%<\/strong>\u00a0 en abril, inferior al <strong>1,9%<\/strong>\u00a0 de marzo\u2014 se debi\u00f3 principalmente a la actualizaci\u00f3n del <strong>Impuesto a los Combustibles L\u00edquidos y al Di\u00f3xido de Carbono<\/strong>, y no a una suba en costos operativos ni a ajustes inflacionarios.<\/p>\n<p>Mar\u00edn tambi\u00e9n fue claro en cuanto al impacto del \u00edndice de precios: \u00a0<strong>\u201cLos precios no est\u00e1n atados a la inflaci\u00f3n\u201d<\/strong>, lo que ratifica la voluntad del gobierno de <strong>Milei<\/strong>\u00a0 de desvincular la pol\u00edtica energ\u00e9tica de las viejas l\u00f3gicas indexatorias que tanto da\u00f1o causaron a la econom\u00eda.<\/p>\n<p>Hoy, el precio del litro de nafta en <strong>Argentina<\/strong>\u00a0 ronda los <strong>US$1,1<\/strong>, ubic\u00e1ndose como el tercero m\u00e1s alto de <strong>Sudam\u00e9rica<\/strong>, solo detr\u00e1s de <strong>Uruguay<\/strong>\u00a0 (US$1,8) y <strong>Chile<\/strong>\u00a0 (US$1,2), seg\u00fan estad\u00edsticas internacionales. Sin embargo, con una pol\u00edtica energ\u00e9tica alineada con el mercado, y el impulso reformista del Gobierno, la competitividad de los combustibles argentinos podr\u00eda mejorar sensiblemente.<\/p>\n","protected":false},"excerpt":{"rendered":"<p>En una clara muestra de sinton\u00eda con el nuevo rumbo econ\u00f3mico del pa\u00eds, la petrolera estatal YPF eval\u00faa reducir los precios de la nafta y el gasoil si contin\u00faa el descenso del precio internacional del petr\u00f3leo, que en las \u00faltimas jornadas \u00a0cay\u00f3 de US$75 a US$64 por barril del tipo Brent. Esta baja se da [&hellip;]<\/p>\n","protected":false},"author":2,"featured_media":2044,"comment_status":"open","ping_status":"open","sticky":false,"template":"","format":"standard","meta":{"_et_pb_use_builder":"","_et_pb_old_content":"","_et_gb_content_width":"","footnotes":""},"categories":[80],"tags":[],"class_list":["post-2043","post","type-post","status-publish","format-standard","has-post-thumbnail","hentry","category-economia-2"],"_links":{"self":[{"href":"https:\/\/verdadincomodadiario.ar\/index.php?rest_route=\/wp\/v2\/posts\/2043","targetHints":{"allow":["GET"]}}],"collection":[{"href":"https:\/\/verdadincomodadiario.ar\/index.php?rest_route=\/wp\/v2\/posts"}],"about":[{"href":"https:\/\/verdadincomodadiario.ar\/index.php?rest_route=\/wp\/v2\/types\/post"}],"author":[{"embeddable":true,"href":"https:\/\/verdadincomodadiario.ar\/index.php?rest_route=\/wp\/v2\/users\/2"}],"replies":[{"embeddable":true,"href":"https:\/\/verdadincomodadiario.ar\/index.php?rest_route=%2Fwp%2Fv2%2Fcomments&post=2043"}],"version-history":[{"count":0,"href":"https:\/\/verdadincomodadiario.ar\/index.php?rest_route=\/wp\/v2\/posts\/2043\/revisions"}],"wp:featuredmedia":[{"embeddable":true,"href":"https:\/\/verdadincomodadiario.ar\/index.php?rest_route=\/wp\/v2\/media\/2044"}],"wp:attachment":[{"href":"https:\/\/verdadincomodadiario.ar\/index.php?rest_route=%2Fwp%2Fv2%2Fmedia&parent=2043"}],"wp:term":[{"taxonomy":"category","embeddable":true,"href":"https:\/\/verdadincomodadiario.ar\/index.php?rest_route=%2Fwp%2Fv2%2Fcategories&post=2043"},{"taxonomy":"post_tag","embeddable":true,"href":"https:\/\/verdadincomodadiario.ar\/index.php?rest_route=%2Fwp%2Fv2%2Ftags&post=2043"}],"curies":[{"name":"wp","href":"https:\/\/api.w.org\/{rel}","templated":true}]}}