{"id":19973,"date":"2026-04-08T01:24:01","date_gmt":"2026-04-08T01:24:01","guid":{"rendered":"https:\/\/verdadincomodadiario.ar\/?p=19973"},"modified":"2026-04-08T01:24:01","modified_gmt":"2026-04-08T01:24:01","slug":"el-gobierno-de-jose-antonio-kast-presento-un-nuevo-avion-militar-fabricado-en-chile","status":"publish","type":"post","link":"https:\/\/verdadincomodadiario.ar\/?p=19973","title":{"rendered":"El gobierno de jose Antonio Kast present\u00f3 un nuevo avi\u00f3n militar fabricado en Chile"},"content":{"rendered":"<p>La presentaci\u00f3n del nuevo avi\u00f3n T-40 Newen marca un hito en la soberan\u00eda tecnol\u00f3gica y el desarrollo industrial del pa\u00eds.<\/p>\n","protected":false},"excerpt":{"rendered":"<p>La presentaci\u00f3n del nuevo avi\u00f3n T-40 Newen marca un hito en la soberan\u00eda tecnol\u00f3gica y el desarrollo industrial del pa\u00eds.<\/p>\n","protected":false},"author":2,"featured_media":19974,"comment_status":"open","ping_status":"open","sticky":false,"template":"","format":"standard","meta":{"_et_pb_use_builder":"","_et_pb_old_content":"","_et_gb_content_width":"","footnotes":""},"categories":[1184,213,79],"tags":[],"class_list":["post-19973","post","type-post","status-publish","format-standard","has-post-thumbnail","hentry","category-antonio","category-gobierno","category-internacionales"],"_links":{"self":[{"href":"https:\/\/verdadincomodadiario.ar\/index.php?rest_route=\/wp\/v2\/posts\/19973","targetHints":{"allow":["GET"]}}],"collection":[{"href":"https:\/\/verdadincomodadiario.ar\/index.php?rest_route=\/wp\/v2\/posts"}],"about":[{"href":"https:\/\/verdadincomodadiario.ar\/index.php?rest_route=\/wp\/v2\/types\/post"}],"author":[{"embeddable":true,"href":"https:\/\/verdadincomodadiario.ar\/index.php?rest_route=\/wp\/v2\/users\/2"}],"replies":[{"embeddable":true,"href":"https:\/\/verdadincomodadiario.ar\/index.php?rest_route=%2Fwp%2Fv2%2Fcomments&post=19973"}],"version-history":[{"count":0,"href":"https:\/\/verdadincomodadiario.ar\/index.php?rest_route=\/wp\/v2\/posts\/19973\/revisions"}],"wp:featuredmedia":[{"embeddable":true,"href":"https:\/\/verdadincomodadiario.ar\/index.php?rest_route=\/wp\/v2\/media\/19974"}],"wp:attachment":[{"href":"https:\/\/verdadincomodadiario.ar\/index.php?rest_route=%2Fwp%2Fv2%2Fmedia&parent=19973"}],"wp:term":[{"taxonomy":"category","embeddable":true,"href":"https:\/\/verdadincomodadiario.ar\/index.php?rest_route=%2Fwp%2Fv2%2Fcategories&post=19973"},{"taxonomy":"post_tag","embeddable":true,"href":"https:\/\/verdadincomodadiario.ar\/index.php?rest_route=%2Fwp%2Fv2%2Ftags&post=19973"}],"curies":[{"name":"wp","href":"https:\/\/api.w.org\/{rel}","templated":true}]}}