{"id":19705,"date":"2026-04-02T21:23:37","date_gmt":"2026-04-02T21:23:37","guid":{"rendered":"https:\/\/verdadincomodadiario.ar\/?p=19705"},"modified":"2026-04-02T21:23:37","modified_gmt":"2026-04-02T21:23:37","slug":"donald-trump-despidio-a-pam-bondi-del-departamento-de-justicia-y-la-reemplazara-todd-blanche","status":"publish","type":"post","link":"https:\/\/verdadincomodadiario.ar\/?p=19705","title":{"rendered":"Donald Trump despidi\u00f3 a Pam Bondi del Departamento de Justicia y la reemplazar\u00e1 Todd Blanche"},"content":{"rendered":"<p>El presidente de los Estados Unidos decidi\u00f3 echar a la fiscal general y la reemplazar\u00e1 su abogado personal.<\/p>\n","protected":false},"excerpt":{"rendered":"<p>El presidente de los Estados Unidos decidi\u00f3 echar a la fiscal general y la reemplazar\u00e1 su abogado personal.<\/p>\n","protected":false},"author":2,"featured_media":19706,"comment_status":"open","ping_status":"open","sticky":false,"template":"","format":"standard","meta":{"_et_pb_use_builder":"","_et_pb_old_content":"","_et_gb_content_width":"","footnotes":""},"categories":[118,79,65],"tags":[],"class_list":["post-19705","post","type-post","status-publish","format-standard","has-post-thumbnail","hentry","category-donald","category-internacionales","category-trump"],"_links":{"self":[{"href":"https:\/\/verdadincomodadiario.ar\/index.php?rest_route=\/wp\/v2\/posts\/19705","targetHints":{"allow":["GET"]}}],"collection":[{"href":"https:\/\/verdadincomodadiario.ar\/index.php?rest_route=\/wp\/v2\/posts"}],"about":[{"href":"https:\/\/verdadincomodadiario.ar\/index.php?rest_route=\/wp\/v2\/types\/post"}],"author":[{"embeddable":true,"href":"https:\/\/verdadincomodadiario.ar\/index.php?rest_route=\/wp\/v2\/users\/2"}],"replies":[{"embeddable":true,"href":"https:\/\/verdadincomodadiario.ar\/index.php?rest_route=%2Fwp%2Fv2%2Fcomments&post=19705"}],"version-history":[{"count":0,"href":"https:\/\/verdadincomodadiario.ar\/index.php?rest_route=\/wp\/v2\/posts\/19705\/revisions"}],"wp:featuredmedia":[{"embeddable":true,"href":"https:\/\/verdadincomodadiario.ar\/index.php?rest_route=\/wp\/v2\/media\/19706"}],"wp:attachment":[{"href":"https:\/\/verdadincomodadiario.ar\/index.php?rest_route=%2Fwp%2Fv2%2Fmedia&parent=19705"}],"wp:term":[{"taxonomy":"category","embeddable":true,"href":"https:\/\/verdadincomodadiario.ar\/index.php?rest_route=%2Fwp%2Fv2%2Fcategories&post=19705"},{"taxonomy":"post_tag","embeddable":true,"href":"https:\/\/verdadincomodadiario.ar\/index.php?rest_route=%2Fwp%2Fv2%2Ftags&post=19705"}],"curies":[{"name":"wp","href":"https:\/\/api.w.org\/{rel}","templated":true}]}}