{"id":19689,"date":"2026-04-02T19:26:30","date_gmt":"2026-04-02T19:26:30","guid":{"rendered":"https:\/\/verdadincomodadiario.ar\/?p=19689"},"modified":"2026-04-02T19:26:30","modified_gmt":"2026-04-02T19:26:30","slug":"maria-corina-machado-afirmo-que-se-acerca-el-dia-en-que-reuniremos-a-nuestras-familias-en-venezuela","status":"publish","type":"post","link":"https:\/\/verdadincomodadiario.ar\/?p=19689","title":{"rendered":"Mar\u00eda Corina Machado afirm\u00f3 que &#8220;se acerca el d\u00eda en que reuniremos a nuestras familias en Venezuela&#8221;"},"content":{"rendered":"<p>La l\u00edder opositora al r\u00e9gimen venezolano tuvo una reuni\u00f3n con el Secretario de Estado de Estados Unidos Marco Rubio para discutir el futuro de la naci\u00f3n sudamericana.<\/p>\n","protected":false},"excerpt":{"rendered":"<p>La l\u00edder opositora al r\u00e9gimen venezolano tuvo una reuni\u00f3n con el Secretario de Estado de Estados Unidos Marco Rubio para discutir el futuro de la naci\u00f3n sudamericana.<\/p>\n","protected":false},"author":2,"featured_media":19690,"comment_status":"open","ping_status":"open","sticky":false,"template":"","format":"standard","meta":{"_et_pb_use_builder":"","_et_pb_old_content":"","_et_gb_content_width":"","footnotes":""},"categories":[1206,79,1349],"tags":[],"class_list":["post-19689","post","type-post","status-publish","format-standard","has-post-thumbnail","hentry","category-corina","category-internacionales","category-machado"],"_links":{"self":[{"href":"https:\/\/verdadincomodadiario.ar\/index.php?rest_route=\/wp\/v2\/posts\/19689","targetHints":{"allow":["GET"]}}],"collection":[{"href":"https:\/\/verdadincomodadiario.ar\/index.php?rest_route=\/wp\/v2\/posts"}],"about":[{"href":"https:\/\/verdadincomodadiario.ar\/index.php?rest_route=\/wp\/v2\/types\/post"}],"author":[{"embeddable":true,"href":"https:\/\/verdadincomodadiario.ar\/index.php?rest_route=\/wp\/v2\/users\/2"}],"replies":[{"embeddable":true,"href":"https:\/\/verdadincomodadiario.ar\/index.php?rest_route=%2Fwp%2Fv2%2Fcomments&post=19689"}],"version-history":[{"count":0,"href":"https:\/\/verdadincomodadiario.ar\/index.php?rest_route=\/wp\/v2\/posts\/19689\/revisions"}],"wp:featuredmedia":[{"embeddable":true,"href":"https:\/\/verdadincomodadiario.ar\/index.php?rest_route=\/wp\/v2\/media\/19690"}],"wp:attachment":[{"href":"https:\/\/verdadincomodadiario.ar\/index.php?rest_route=%2Fwp%2Fv2%2Fmedia&parent=19689"}],"wp:term":[{"taxonomy":"category","embeddable":true,"href":"https:\/\/verdadincomodadiario.ar\/index.php?rest_route=%2Fwp%2Fv2%2Fcategories&post=19689"},{"taxonomy":"post_tag","embeddable":true,"href":"https:\/\/verdadincomodadiario.ar\/index.php?rest_route=%2Fwp%2Fv2%2Ftags&post=19689"}],"curies":[{"name":"wp","href":"https:\/\/api.w.org\/{rel}","templated":true}]}}