{"id":1965,"date":"2025-04-12T06:59:55","date_gmt":"2025-04-12T06:59:55","guid":{"rendered":"https:\/\/verdadincomodadiario.ar\/?p=1965"},"modified":"2025-04-12T06:59:55","modified_gmt":"2025-04-12T06:59:55","slug":"tras-el-anuncio-del-gobierno-de-milei-volaron-las-acciones-argentinas-en-wall-street","status":"publish","type":"post","link":"https:\/\/verdadincomodadiario.ar\/?p=1965","title":{"rendered":"Tras el anuncio del Gobierno de Milei, volaron las acciones argentinas en Wall Street"},"content":{"rendered":"<p>El viernes por la tarde, <a href=\"https:\/\/derechadiario.com.ar\/politica\/anuncio-del-gobierno-milei-sobre-acuerdo-con-fmi\" title=\"El Gobierno de Javier Milei anunci\u00f3 el fin del cepo cambiario\">Argentina <\/a>vivi\u00f3 un nuevo punto de inflexi\u00f3n en su rumbo <a href=\"https:\/\/derechadiario.com.ar\/economia\/todos-los-detalles-del-inicio-tercera-fase-del-programa-economico-milei\" title=\"Todos los detalles del inicio de la tercera fase del programa econ\u00f3mico de Milei\">econ\u00f3mico<\/a>. En una jornada cargada de expectativa y luego de una esperada conferencia de prensa conjunta entre el ministro de Econom\u00eda<strong>, Luis Caputo,<\/strong> y el presidente del \u00a0<strong>Banco Central, Santiago Bausili,<\/strong> se anunci\u00f3 oficialmente el \u00a0<strong>levantamiento del cepo cambiario<\/strong>. Acompa\u00f1ado por una serie de reformas estructurales en el r\u00e9gimen de flotaci\u00f3n del d\u00f3lar, el anuncio marc\u00f3 un antes y un despu\u00e9s: \u00a0<strong>la respuesta de los mercados no tard\u00f3 en llegar.<\/strong><\/p>\n<p>En el <strong>aftermarket<\/strong>\u00a0 de <strong>Wall Street<\/strong>, es decir, en las operaciones extendidas tras el cierre formal de la jornada burs\u00e1til, las acciones argentinas experimentaron \u00a0<strong>una suba contundente<\/strong>, profundizando el rally alcista ya observado durante el horario regular<strong>. De las 21 compa\u00f1\u00edas nacionales con cotizaci\u00f3n en el mercado neoyorquino, 17 registraron alzas<\/strong>, destac\u00e1ndose:<\/p>\n<p><strong>.Grupo Galicia<\/strong>\u00a0 (GGAL)<strong>: +9,32%<\/strong><\/p>\n<p><strong>.YPF: +8,89%<\/strong><\/p>\n<aside class=\"are-you-interested-container-photo\"><\/aside>\n<p><strong>.Corporaci\u00f3n Am\u00e9rica<\/strong>\u00a0 (CAAP)<strong>: +8,77%<\/strong><\/p>\n<p><strong>.Central Puerto<\/strong>\u00a0 (CEPU)<strong>: +7,10%<\/strong><\/p>\n<p><strong>.Banco Macro<\/strong> (BMA<strong>): +5,59%<\/strong><\/p>\n<div class=\"inter_image image_horizontal\">\n<picture><source class=\"img-responsive\" type=\"image\/webp\" data-srcset=\"\/filesedc\/uploads\/image\/post\/milei-wall-street-campana-711x400-1_300_200.webp 300w, \n\/filesedc\/uploads\/image\/post\/milei-wall-street-campana-711x400-1_630_420.webp 630w,\n                                \/filesedc\/uploads\/image\/post\/milei-wall-street-campana-711x400-1_760_507.webp 760w,\n                                \/filesedc\/uploads\/image\/post\/milei-wall-street-campana-711x400-1_1200_800.webp 1200w,\n                                \/filesedc\/uploads\/image\/post\/milei-wall-street-campana-711x400-1_1600_1067.webp 1600w\"><img decoding=\"async\" src=\"https:\/\/derechadiario.com.ar\/filesedc\/uploads\/image\/post\/milei-wall-street-campana-711x400-1_1200_800.webp\" class=\"img-responsive lazyload\" alt=\"Un hombre sonriente sostiene un mazo en el podio de la Bolsa de Valores de Nueva York.\" title=\"Un hombre sonriente sostiene un mazo en el podio de la Bolsa de Valores de Nueva York.\"><\/picture>\n<div>\n<span class=\"img_footer\">El presidente de la naci\u00f3n, Javier Milei. <\/span>| <span class=\"img_author\">La Derecha Diario<\/span>\n<\/div>\n<\/div>\n<p>El promedio de las acciones que operaron en \u00a0<strong>alza alcanz\u00f3 el 4,74% durante el aftermarket<\/strong>, una cifra m\u00e1s que significativa si se considera que muchas ya hab\u00edan trepado hasta un 16% durante la rueda regular.<\/p>\n<p>Mientras que <strong>Mercado Libre<\/strong> (MELI), <strong>Tenaris<\/strong>\u00a0 (TS) y <strong>Ternium<\/strong>\u00a0 (TX) no mostraron cambios con respecto al cierre formal. En el caso de <strong>Edenor<\/strong>, que apareci\u00f3 con \u00a0<strong>una suba del 12,79%,<\/strong> no hubo operaciones posteriores, por lo que esa variaci\u00f3n correspondi\u00f3 al mercado regular.<\/p>\n<p>El nuevo esquema cambiario implica una flotaci\u00f3n dentro de bandas m\u00f3viles, con un d\u00f3lar que comenzar\u00e1 <strong>cotizando entre $1.000 y $1.400<\/strong>, seg\u00fan confirm\u00f3 el \u00a0<strong>Banco Central.<\/strong> Adem\u00e1s, <strong>se elimin\u00f3 el d\u00f3lar blend,<\/strong> se flexibilizaron las restricciones para personas humanas y jur\u00eddicas, y se <strong>confirm\u00f3 el desembolso de USD 12.000 millones<\/strong>\u00a0 por parte del <strong>FMI,<\/strong> como parte de un <strong>acuerdo total de USD 20.000 millones.<\/strong><\/p>\n<p>La magnitud de las reformas no pas\u00f3 desapercibida para los inversores. La jornada financiera del viernes ya mostraba signos de optimismo: <strong>el S&#038;P Merval trep\u00f3 un 6,5%,<\/strong>\u00a0 alcanzando los <strong>2.248.803 puntos,<\/strong> mientras que los bonos soberanos en d\u00f3lares <strong>subieron<\/strong>\u00a0 en promedio un <strong>1,8%<\/strong> y el \u00a0<strong>riesgo pa\u00eds descendi\u00f3 a 874 puntos b\u00e1sicos<\/strong>, uno de los niveles m\u00e1s bajos del \u00faltimo a\u00f1o.<\/p>\n<p>Por su parte, el d\u00f3lar libre cerr\u00f3 a <strong>$1.375<\/strong>. El Banco Central vendi\u00f3 <strong>USD 398 millones<\/strong>\u00a0 para atender la creciente demanda del sector importador, mientras que las reservas brutas aumentaron en USD 14 millones, ubic\u00e1ndose en \u00a0<strong>USD 24.726 millones.<\/strong><\/p>\n<p>Uno de los momentos estelares del d\u00eda fue protagonizado por YPF, cuyas acciones subieron de <strong>USD 30,03 a USD 32,70<\/strong>, un avance del \u00a0<strong>8,89% en el aftermarket<\/strong>. El salto coincidi\u00f3 con la presentaci\u00f3n de su plan estrat\u00e9gico de largo plazo en el <strong>New York Stock Exchange<\/strong>\u00a0 (NYSE) ante m\u00e1s de 100 inversores internacionales.<\/p>\n<figure><img decoding=\"async\" src=\"https:\/\/derechadiario.com.ar\/filesedc\/uploads\/image\/post\/65f2fa1b371a2--600x390_1200_800.webp\" class=\"img-responsive lazyload\" alt=\"Bandera de Argentina con un gr\u00e1fico financiero en ascenso y s\u00edmbolos de d\u00f3lar.\" title=\"Bandera de Argentina con un gr\u00e1fico financiero en ascenso y s\u00edmbolos de d\u00f3lar.\"><\/figure>\n<p>Desde el emblem\u00e1tico <strong>Freedom Hall<\/strong>\u00a0 del s\u00e9ptimo piso del <strong>NYSE<\/strong>, con un imponente cartel de <strong>YPF<\/strong>\u00a0 cubriendo la fachada del edificio y <strong>banderas argentinas flameando<\/strong>, el presidente y CEO,\u00a0<strong>Horacio Mar\u00edn<\/strong> comparti\u00f3 los ambiciosos objetivos de la petrolera estatal:<\/p>\n<p><strong>.Inversi\u00f3n de USD 5.000 millones en 2024, de los cuales USD 3.000 millones se destinar\u00e1n a Vaca Muerta<\/strong><\/p>\n<p><strong>.Inversi\u00f3n total de USD 35.700 millones en seis a\u00f1os<\/strong><\/p>\n<p><strong>.Proyecci\u00f3n de producci\u00f3n: 2,1 millones de barriles por d\u00eda hacia 2030<\/strong><\/p>\n<p><strong>.Exportaciones estimadas: m\u00e1s de USD 30.000 millones anuales<\/strong><\/p>\n<p><strong>.Rentabilidad proyectada incluso con precios internacionales bajos, a USD 45 por barril<\/strong><\/p>\n<p>Actualmente, YPF ya \u00a0<strong>representa el 36% del petr\u00f3leo extra\u00eddo en Argentina y el 50% del gas shale<\/strong>, con un 48% de su producci\u00f3n basada en hidrocarburos no convencionales. El acto concluy\u00f3 simb\u00f3licamente con el tradicional toque de campana por parte de los directivos, reflejando el nuevo protagonismo de la compa\u00f1\u00eda en el \u00a0<strong>escenario energ\u00e9tico global.<\/strong><\/p>\n<aside class=\"whatsappChannelText\"><a href=\"https:\/\/whatsapp.com\/channel\/0029VagEjILGE56eKjedWF2U\" rel=\"nofollow\" title=\"WhatsApp Link\"><img alt=\"Logo de WhatsApp\" class=\"lazyload\" data-src=\"https:\/\/derechadiario.com.ar\/filesedc\/uploads\/other\/whatsapp_icon_mid_article.png\" width=\"32\" height=\"32\"><\/a> <a href=\"https:\/\/whatsapp.com\/channel\/0029VagEjILGE56eKjedWF2U\" rel=\"nofollow\" title=\"WhatsApp Link\"><strong>NO SE PIERDAN NINGUNA NOTICIA<\/strong>: Click aqu\u00ed para sumarte <strong>GRATIS<\/strong> al canal de noticias de <strong>La Derecha Diario en WhatsApp.<\/strong><\/a><\/aside>\n<p>El contexto global tambi\u00e9n result\u00f3 favorable. Pese a la volatilidad internacional y al aumento de tasas en <strong>EE.UU<\/strong>., los anuncios del Gobierno argentino fueron le\u00eddos como se\u00f1ales claras de una normalizaci\u00f3n cambiaria y de estabilizaci\u00f3n macroecon\u00f3mica. A esto se suma la expectativa por el desembolso del FMI, la <strong>renovaci\u00f3n del swap<\/strong> de monedas con China y el ingreso de nuevos cr\u00e9ditos de organismos multilaterales y bancos privados, que totalizar\u00e1n aproximadamente \u00a0<strong>USD 21.300 millones.<\/strong><\/p>\n<p>En paralelo, el volumen operado en el segmento mayorista del d\u00f3lar trep\u00f3 a <strong>USD 859 millones<\/strong>, triplicando el del d\u00eda anterior, mientras que la intervenci\u00f3n del <strong>BCRA<\/strong>\u00a0 fue la m\u00e1s fuerte desde marzo.<\/p>\n","protected":false},"excerpt":{"rendered":"<p>El viernes por la tarde, Argentina vivi\u00f3 un nuevo punto de inflexi\u00f3n en su rumbo econ\u00f3mico. En una jornada cargada de expectativa y luego de una esperada conferencia de prensa conjunta entre el ministro de Econom\u00eda, Luis Caputo, y el presidente del \u00a0Banco Central, Santiago Bausili, se anunci\u00f3 oficialmente el \u00a0levantamiento del cepo cambiario. Acompa\u00f1ado [&hellip;]<\/p>\n","protected":false},"author":2,"featured_media":1966,"comment_status":"open","ping_status":"open","sticky":false,"template":"","format":"standard","meta":{"_et_pb_use_builder":"","_et_pb_old_content":"","_et_gb_content_width":"","footnotes":""},"categories":[80],"tags":[],"class_list":["post-1965","post","type-post","status-publish","format-standard","has-post-thumbnail","hentry","category-economia-2"],"_links":{"self":[{"href":"https:\/\/verdadincomodadiario.ar\/index.php?rest_route=\/wp\/v2\/posts\/1965","targetHints":{"allow":["GET"]}}],"collection":[{"href":"https:\/\/verdadincomodadiario.ar\/index.php?rest_route=\/wp\/v2\/posts"}],"about":[{"href":"https:\/\/verdadincomodadiario.ar\/index.php?rest_route=\/wp\/v2\/types\/post"}],"author":[{"embeddable":true,"href":"https:\/\/verdadincomodadiario.ar\/index.php?rest_route=\/wp\/v2\/users\/2"}],"replies":[{"embeddable":true,"href":"https:\/\/verdadincomodadiario.ar\/index.php?rest_route=%2Fwp%2Fv2%2Fcomments&post=1965"}],"version-history":[{"count":0,"href":"https:\/\/verdadincomodadiario.ar\/index.php?rest_route=\/wp\/v2\/posts\/1965\/revisions"}],"wp:featuredmedia":[{"embeddable":true,"href":"https:\/\/verdadincomodadiario.ar\/index.php?rest_route=\/wp\/v2\/media\/1966"}],"wp:attachment":[{"href":"https:\/\/verdadincomodadiario.ar\/index.php?rest_route=%2Fwp%2Fv2%2Fmedia&parent=1965"}],"wp:term":[{"taxonomy":"category","embeddable":true,"href":"https:\/\/verdadincomodadiario.ar\/index.php?rest_route=%2Fwp%2Fv2%2Fcategories&post=1965"},{"taxonomy":"post_tag","embeddable":true,"href":"https:\/\/verdadincomodadiario.ar\/index.php?rest_route=%2Fwp%2Fv2%2Ftags&post=1965"}],"curies":[{"name":"wp","href":"https:\/\/api.w.org\/{rel}","templated":true}]}}