{"id":1913,"date":"2025-04-12T01:03:41","date_gmt":"2025-04-12T01:03:41","guid":{"rendered":"https:\/\/www.verdadincomodadiario.ar\/?p=1913"},"modified":"2025-04-12T01:03:41","modified_gmt":"2025-04-12T01:03:41","slug":"anses-cuando-cobro-los-pagos-confirmados-para-hoy-viernes-11-de-abril","status":"publish","type":"post","link":"https:\/\/verdadincomodadiario.ar\/?p=1913","title":{"rendered":"ANSES cu\u00e1ndo cobro: los pagos confirmados para hoy, viernes 11 de abril"},"content":{"rendered":"<p>La <a href=\"https:\/\/derechadiario.com.ar\/economia\/pagos-anses-del-10-abril-quienes-cobran-durante-paro-general\" title=\"Pagos de ANSES del 10 de abril: qui\u00e9nes cobran durante el paro general\"><strong>ANSES<\/strong><\/a> public\u00f3 el <strong>cronograma de pagos<\/strong> para hoy, viernes 11 de abril de 2025. Las prestaciones alcanzadas incluyen <strong>jubilaciones<\/strong>, <strong>pensiones<\/strong>, <strong>AUH<\/strong>, <strong>AUE<\/strong>, <strong>asignaciones familiares<\/strong> y otros beneficios.<\/p>\n<p>En esta jornada, cobran quienes tengan documentos terminados en ciertas cifras, seg\u00fan el tipo de prestaci\u00f3n. A continuaci\u00f3n, te detallamos <strong>qui\u00e9nes reciben hoy su haber seg\u00fan lo informado por el organismo<\/strong>.<\/p>\n<div class=\"inter_image image_horizontal\">\n<picture><source class=\"img-responsive\" type=\"image\/webp\" data-srcset=\"\/filesedc\/uploads\/image\/post\/anses-1-jpg_300_200.webp 300w, \n\/filesedc\/uploads\/image\/post\/anses-1-jpg_630_420.webp 630w,\n                                \/filesedc\/uploads\/image\/post\/anses-1-jpg_760_507.webp 760w,\n                                \/filesedc\/uploads\/image\/post\/anses-1-jpg_1200_800.webp 1200w,\n                                \/filesedc\/uploads\/image\/post\/anses-1-jpg_1600_1067.webp 1600w\"><img decoding=\"async\" src=\"https:\/\/derechadiario.com.ar\/filesedc\/uploads\/image\/post\/anses-1-jpg_1200_800.webp\" class=\"img-responsive lazyload\" alt=\"Fachada de una oficina de ANSES con un cartel azul y un coraz\u00f3n naranja.\" title=\"Fachada de una oficina de ANSES con un cartel azul y un coraz\u00f3n naranja.\"><\/picture>\n<div>\n<span class=\"img_footer\">Qui\u00e9nes cobran hoy seg\u00fan la terminaci\u00f3n del DNI <\/span>| <span class=\"img_author\">La Derecha Diario<\/span>\n<\/div>\n<\/div>\n<h2><strong>Jubilaciones y pensiones que no superan los $285.820<\/strong><\/h2>\n<p>Este viernes 11 de abril cobran los <strong>beneficiarios<\/strong> cuyos <strong>documentos finalizan en 2<\/strong>.\u00a0<\/p>\n<p>Este grupo corresponde a quienes tienen haberes dentro del m\u00ednimo establecido por la ANSES.<\/p>\n<aside class=\"are-you-interested-container-photo\"><\/aside>\n<figure><img decoding=\"async\" src=\"https:\/\/derechadiario.com.ar\/filesedc\/uploads\/image\/post\/jubilaciones-minimas-anses-abril_1200_800.webp\" class=\"img-responsive lazyload\" alt=\"Calendario de pagos de jubilaciones y pensiones que no superen el haber m\u00ednimo para el mes de abril, con fechas asignadas seg\u00fan la terminaci\u00f3n del n\u00famero de documento: 9\/4 para terminados en 0, 10\/4 en 1, 11\/4 en 2, 14\/4 en 3, 15\/4 en 4 y 5, 16\/4 en 6, 21\/4 en 7, 22\/4 en 8, y 23\/4 en 9.\" title=\"Calendario de pagos de jubilaciones y pensiones que no superen el haber m\u00ednimo para el mes de abril, con fechas asignadas seg\u00fan la terminaci\u00f3n del n\u00famero de documento: 9\/4 para terminados en 0, 10\/4 en 1, 11\/4 en 2, 14\/4 en 3, 15\/4 en 4 y 5, 16\/4 en 6, 21\/4 en 7, 22\/4 en 8, y 23\/4 en 9.\"><\/figure>\n<h2><strong>Asignaci\u00f3n Universal por Hijo (AUH) y Tarjeta Alimentar<\/strong><\/h2>\n<p>Tambi\u00e9n cobran hoy los titulares de la <a href=\"https:\/\/derechadiario.com.ar\/economia\/libreta-auh-2025-como-hacer-tramite-para-cobrar-20-retenido\" title=\"Libreta AUH 2025: c\u00f3mo hacer el tr\u00e1mite para cobrar el 20% retenido\"><strong>AUH<\/strong> y la <strong>Tarjeta Alimentar<\/strong><\/a> con <strong>DNI terminados en 2<\/strong>.\u00a0<\/p>\n<p>Esta prestaci\u00f3n alcanza a miles de familias en todo el pa\u00eds.<\/p>\n<figure><img decoding=\"async\" src=\"https:\/\/derechadiario.com.ar\/filesedc\/uploads\/image\/post\/anses-auh-abril_1200_800.webp\" class=\"img-responsive lazyload\" alt=\"Calendario de pagos de la Asignaci\u00f3n Familiar por Hijo y Asignaci\u00f3n Universal por Hijo para abril, con fechas espec\u00edficas seg\u00fan la terminaci\u00f3n del n\u00famero de documento.\" title=\"Calendario de pagos de la Asignaci\u00f3n Familiar por Hijo y Asignaci\u00f3n Universal por Hijo para abril, con fechas espec\u00edficas seg\u00fan la terminaci\u00f3n del n\u00famero de documento.\"><\/figure>\n<h2><strong>Asignaci\u00f3n Universal por Embarazo (AUE)<\/strong><\/h2>\n<p>Quienes perciben la AUE y tienen <strong>DNI terminados en 1<\/strong> cobran hoy, viernes 11 de abril.<\/p>\n<p>Esta prestaci\u00f3n est\u00e1 destinada a personas gestantes sin cobertura social.<\/p>\n<aside class=\"are-you-interested-container-photo\"><\/aside>\n<figure><img decoding=\"async\" src=\"https:\/\/derechadiario.com.ar\/filesedc\/uploads\/image\/post\/asignacion-por-embarazo-anses-abril_1200_800.webp\" class=\"img-responsive lazyload\" alt=\"Calendario de pago de la Asignaci\u00f3n por Embarazo para abril, con fechas asignadas seg\u00fan la terminaci\u00f3n del n\u00famero de documento: 10\/4 para terminados en 0, 11\/4 en 1, 14\/4 en 2, 15\/4 en 3, 16\/4 en 4, 21\/4 en 5, 22\/4 en 6, 23\/4 en 7, 24\/4 en 8 y 25\/4 en 9.\" title=\"Calendario de pago de la Asignaci\u00f3n por Embarazo para abril, con fechas asignadas seg\u00fan la terminaci\u00f3n del n\u00famero de documento: 10\/4 para terminados en 0, 11\/4 en 1, 14\/4 en 2, 15\/4 en 3, 16\/4 en 4, 21\/4 en 5, 22\/4 en 6, 23\/4 en 7, 24\/4 en 8 y 25\/4 en 9.\"><\/figure>\n<h2><strong>Asignaci\u00f3n por Prenatal y Asignaci\u00f3n por Maternidad<\/strong><\/h2>\n<p>Hoy tambi\u00e9n cobran las personas con <strong>DNI terminados en 0 y 1<\/strong>.\u00a0<\/p>\n<p>Estas asignaciones est\u00e1n dirigidas a trabajadoras registradas en per\u00edodo de gestaci\u00f3n o licencia por maternidad.<\/p>\n<figure><img decoding=\"async\" src=\"https:\/\/derechadiario.com.ar\/filesedc\/uploads\/image\/post\/asignacion-prenatal-y-por-embarazo-anses-abril_1200_800.webp\" class=\"img-responsive lazyload\" alt=\"Calendario de pago para asignaciones por prenatal y maternidad en abril, con fechas seg\u00fan la terminaci\u00f3n de documentos: 0 y 1 el 11 de abril, 2 y 3 el 14 de abril, 4 y 5 el 15 de abril, 6 y 7 el 16 de abril, 8 y 9 el 21 de abril.\" title=\"Calendario de pago para asignaciones por prenatal y maternidad en abril, con fechas seg\u00fan la terminaci\u00f3n de documentos: 0 y 1 el 11 de abril, 2 y 3 el 14 de abril, 4 y 5 el 15 de abril, 6 y 7 el 16 de abril, 8 y 9 el 21 de abril.\"><\/figure>\n<aside class=\"whatsappChannelText\"><a href=\"https:\/\/whatsapp.com\/channel\/0029VagEjILGE56eKjedWF2U\" rel=\"nofollow\" title=\"WhatsApp Link\"><img alt=\"Logo de WhatsApp\" class=\"lazyload\" data-src=\"https:\/\/derechadiario.com.ar\/filesedc\/uploads\/other\/whatsapp_icon_mid_article.png\" width=\"32\" height=\"32\"><\/a> <a href=\"https:\/\/whatsapp.com\/channel\/0029VagEjILGE56eKjedWF2U\" rel=\"nofollow\" title=\"WhatsApp Link\"><strong>NO SE PIERDAN NINGUNA NOTICIA<\/strong>: Click aqu\u00ed para sumarte <strong>GRATIS<\/strong> al canal de noticias de <strong>La Derecha Diario en WhatsApp.<\/strong><\/a><\/aside>\n<h2><strong>Asignaciones de pago \u00fanico: matrimonio, adopci\u00f3n y nacimiento<\/strong><\/h2>\n<p>Estas asignaciones especiales siguen en curso hasta el <strong>12 de mayo<\/strong>.\u00a0<\/p>\n<p>Hoy pueden cobrar <strong>todas las terminaciones de documentos<\/strong>.<\/p>\n<figure><img decoding=\"async\" src=\"https:\/\/derechadiario.com.ar\/filesedc\/uploads\/image\/post\/asignacion-pago-unico-marzo-anses_1200_800.webp\" class=\"img-responsive lazyload\" alt=\"Asignaciones de pago \u00fanico para matrimonio, adopci\u00f3n y nacimiento, mes a cobrar marzo, con fechas de cobro del 13\/3 al 10\/4 para la primera quincena y del 26\/3 al 10\/4 para la segunda quincena.\" title=\"Asignaciones de pago \u00fanico para matrimonio, adopci\u00f3n y nacimiento, mes a cobrar marzo, con fechas de cobro del 13\/3 al 10\/4 para la primera quincena y del 26\/3 al 10\/4 para la segunda quincena.\"><\/figure>\n<h2><strong>Pensiones No Contributivas (PNC)<\/strong><\/h2>\n<p>Este viernes 11 de abril cobran quienes tienen <strong>DNI terminados en 8 y 9<\/strong>.<\/p>\n<p>Estas pensiones est\u00e1n destinadas a personas con invalidez, madres de siete hijos y mayores sin aportes.<\/p>\n<figure><img decoding=\"async\" src=\"https:\/\/derechadiario.com.ar\/filesedc\/uploads\/image\/post\/pnc-anses-abril_1200_800.webp\" class=\"img-responsive lazyload\" alt=\"Calendario de pago para pensiones no contributivas en abril, con fechas seg\u00fan la terminaci\u00f3n del documento: 0 y 1 el 9\/4, 2 y 3 el 9\/4, 4 y 5 el 10\/4, 6 y 7 el 10\/4, 8 y 9 el 11\/4.\" title=\"Calendario de pago para pensiones no contributivas en abril, con fechas seg\u00fan la terminaci\u00f3n del documento: 0 y 1 el 9\/4, 2 y 3 el 9\/4, 4 y 5 el 10\/4, 6 y 7 el 10\/4, 8 y 9 el 11\/4.\"><\/figure>\n<h2><strong>Asignaciones familiares de Pensiones No Contributivas (PNC)<\/strong><\/h2>\n<p>Tambi\u00e9n est\u00e1n habilitados a cobrar hasta el <strong>12 de mayo<\/strong> todos los titulares, sin importar la terminaci\u00f3n del documento.\u00a0<\/p>\n<p>Estas asignaciones se pagan en paralelo con las PNC.<\/p>\n<figure><img decoding=\"async\" src=\"https:\/\/derechadiario.com.ar\/filesedc\/uploads\/image\/post\/asignaciones-familiares-pnc-anses_1200_800.webp\" class=\"img-responsive lazyload\" alt=\"Asignaciones Familiares de Pensiones No Contributivas para cobrar en abril, todas las terminaciones de DNI del 9 de abril al 12 de mayo.\" title=\"Asignaciones Familiares de Pensiones No Contributivas para cobrar en abril, todas las terminaciones de DNI del 9 de abril al 12 de mayo.\"><\/figure>\n","protected":false},"excerpt":{"rendered":"<p>La ANSES public\u00f3 el cronograma de pagos para hoy, viernes 11 de abril de 2025. Las prestaciones alcanzadas incluyen jubilaciones, pensiones, AUH, AUE, asignaciones familiares y otros beneficios. En esta jornada, cobran quienes tengan documentos terminados en ciertas cifras, seg\u00fan el tipo de prestaci\u00f3n. A continuaci\u00f3n, te detallamos qui\u00e9nes reciben hoy su haber seg\u00fan lo [&hellip;]<\/p>\n","protected":false},"author":2,"featured_media":1914,"comment_status":"open","ping_status":"open","sticky":false,"template":"","format":"standard","meta":{"_et_pb_use_builder":"","_et_pb_old_content":"","_et_gb_content_width":"","footnotes":""},"categories":[80],"tags":[],"class_list":["post-1913","post","type-post","status-publish","format-standard","has-post-thumbnail","hentry","category-economia-2"],"_links":{"self":[{"href":"https:\/\/verdadincomodadiario.ar\/index.php?rest_route=\/wp\/v2\/posts\/1913","targetHints":{"allow":["GET"]}}],"collection":[{"href":"https:\/\/verdadincomodadiario.ar\/index.php?rest_route=\/wp\/v2\/posts"}],"about":[{"href":"https:\/\/verdadincomodadiario.ar\/index.php?rest_route=\/wp\/v2\/types\/post"}],"author":[{"embeddable":true,"href":"https:\/\/verdadincomodadiario.ar\/index.php?rest_route=\/wp\/v2\/users\/2"}],"replies":[{"embeddable":true,"href":"https:\/\/verdadincomodadiario.ar\/index.php?rest_route=%2Fwp%2Fv2%2Fcomments&post=1913"}],"version-history":[{"count":0,"href":"https:\/\/verdadincomodadiario.ar\/index.php?rest_route=\/wp\/v2\/posts\/1913\/revisions"}],"wp:featuredmedia":[{"embeddable":true,"href":"https:\/\/verdadincomodadiario.ar\/index.php?rest_route=\/wp\/v2\/media\/1914"}],"wp:attachment":[{"href":"https:\/\/verdadincomodadiario.ar\/index.php?rest_route=%2Fwp%2Fv2%2Fmedia&parent=1913"}],"wp:term":[{"taxonomy":"category","embeddable":true,"href":"https:\/\/verdadincomodadiario.ar\/index.php?rest_route=%2Fwp%2Fv2%2Fcategories&post=1913"},{"taxonomy":"post_tag","embeddable":true,"href":"https:\/\/verdadincomodadiario.ar\/index.php?rest_route=%2Fwp%2Fv2%2Ftags&post=1913"}],"curies":[{"name":"wp","href":"https:\/\/api.w.org\/{rel}","templated":true}]}}