{"id":1909,"date":"2025-04-12T01:03:43","date_gmt":"2025-04-12T01:03:43","guid":{"rendered":"https:\/\/www.verdadincomodadiario.ar\/?p=1909"},"modified":"2025-04-12T01:03:43","modified_gmt":"2025-04-12T01:03:43","slug":"ypf-presento-su-plan-estrategico-en-wall-street-y-confirmo-su-apuesta-por-vaca-muerta","status":"publish","type":"post","link":"https:\/\/verdadincomodadiario.ar\/?p=1909","title":{"rendered":"YPF present\u00f3 su plan estrat\u00e9gico en Wall Street y confirm\u00f3 su apuesta por Vaca Muerta"},"content":{"rendered":"<p><strong>La petrolera estatal YPF realiz\u00f3 este viernes 11 de abril su Investor Day en la Bolsa de Nueva York<\/strong>, donde su CEO y presidente, Horacio Mar\u00edn, present\u00f3 ante los accionistas el nuevo <strong>plan estrat\u00e9gico para los pr\u00f3ximos cinco a\u00f1os.<\/strong><\/p>\n<p><strong>El evento, que culminar\u00e1 con el tradicional toque de campana, marca un hito en la nueva etapa de la compa\u00f1\u00eda<\/strong>, con un enfoque centrado en la producci\u00f3n no convencional.<\/p>\n<h2><strong>Reconversi\u00f3n hacia el shale y salida de yacimientos maduros<\/strong><\/h2>\n<p>Durante la presentaci\u00f3n, \u00a0<strong>Mar\u00edn explic\u00f3 que <a href=\"https:\/\/derechadiario.com.ar\/negocios-finanzas\/ypf-digital-se-asocia-con-google-cloud-para-transformar-su-app-con-ia\" title=\"YPF Digital se asocia con Google Cloud para transformar su app con IA\">YPF<\/a> atraviesa un proceso de reconversi\u00f3n profunda: abandon\u00f3 progresivamente los campos maduros en distintas regiones del pa\u00eds y concentr\u00f3 sus recursos en el desarrollo del shale oil<\/strong> y shale gas en Vaca Muerta, una de las formaciones no convencionales m\u00e1s prometedoras a nivel global.<\/p>\n<p>Este reposicionamiento, que se da bajo el marco del llamado <strong>Plan Andes, busca consolidar las reservas y la producci\u00f3n de la empresa a lo largo de las pr\u00f3ximas dos d\u00e9cadas<\/strong>, con foco en la resiliencia frente a los cambios de precios internacionales.<\/p>\n<aside class=\"are-you-interested-container-photo\"><\/aside>\n<div class=\"inter_image image_vertical\">\n<picture><source class=\"img-responsive\" type=\"image\/webp\" data-srcset=\"\/filesedc\/uploads\/image\/post\/screenshot-2025-04-11-120145_300_400.webp 300w, \n\/filesedc\/uploads\/image\/post\/screenshot-2025-04-11-120145_630_840.webp 630w,\n                                \/filesedc\/uploads\/image\/post\/screenshot-2025-04-11-120145_760_1013.webp 760w,\n                                \/filesedc\/uploads\/image\/post\/screenshot-2025-04-11-120145_1200_1600.webp 1200w,\n                                \/filesedc\/uploads\/image\/post\/screenshot-2025-04-11-120145_1600_2133.webp 1600w\"><img decoding=\"async\" src=\"https:\/\/derechadiario.com.ar\/filesedc\/uploads\/image\/post\/screenshot-2025-04-11-120145_1200_1600.webp\" class=\"img-responsive lazyload\" alt=\"Edificio de la Bolsa de Nueva York con un cartel de YPF y la estatua de la ni\u00f1a sin miedo en primer plano.\" title=\"Edificio de la Bolsa de Nueva York con un cartel de YPF y la estatua de la ni\u00f1a sin miedo en primer plano.\"><\/picture>\n<div>\n<span class=\"img_footer\">YPF present\u00f3 su plan estrat\u00e9gico en Wall Street y confirm\u00f3 su apuesta por Vaca Muerta <\/span>| <span class=\"img_author\">La Derecha Diario<\/span>\n<\/div>\n<\/div>\n<p><strong>&#8220;Hoy competimos de manera s\u00f3lida con el Permian de los Estados Unidos&#8221;<\/strong>, asegur\u00f3 Mar\u00edn en su exposici\u00f3n ante los inversores.<\/p>\n<h2><strong>Una empresa lista para resistir precios bajos del crudo<\/strong><\/h2>\n<p>En declaraciones recientes a medios argentinos, <strong>el titular de <a href=\"https:\/\/derechadiario.com.ar\/economia\/ypf-comenzo-con-las-obras-del-proyecto-vaca-muerta-oil-sur-rio-negro\" title=\"YPF comenz\u00f3 con las obras del proyecto Vaca Muerta Oil Sur en R\u00edo Negro\">YPF<\/a> tambi\u00e9n se refiri\u00f3 a la ca\u00edda en el precio del petr\u00f3leo producto de la guerra de aranceles global<\/strong> y aclar\u00f3 que la empresa ya est\u00e1 preparada para operar con un barril a menos de 40 d\u00f3lares.<\/p>\n<p><strong>\u201cHe visto el barril a 8 d\u00f3lares, a menos 36. Hoy YPF puede resistir con barriles a menos de 40. A 45 d\u00f3lares, Vaca Muerta es completamente rentable\u201d<\/strong>, explic\u00f3 Mar\u00edn.<\/p>\n<aside class=\"whatsappChannelText\"><a href=\"https:\/\/whatsapp.com\/channel\/0029VagEjILGE56eKjedWF2U\" rel=\"nofollow\" title=\"WhatsApp Link\"><img alt=\"Logo de WhatsApp\" class=\"lazyload\" data-src=\"https:\/\/derechadiario.com.ar\/filesedc\/uploads\/other\/whatsapp_icon_mid_article.png\" width=\"32\" height=\"32\"><\/a> <a href=\"https:\/\/whatsapp.com\/channel\/0029VagEjILGE56eKjedWF2U\" rel=\"nofollow\" title=\"WhatsApp Link\"><strong>NO SE PIERDAN NINGUNA NOTICIA<\/strong>: Click aqu\u00ed para sumarte <strong>GRATIS<\/strong> al canal de noticias de <strong>La Derecha Diario en WhatsApp.<\/strong><\/a><\/aside>\n<p><strong>El ejecutivo se\u00f1al\u00f3 que el break-even price (precio de equilibrio) de la empresa ya se ubica por debajo del valor actual del crudo<\/strong>, lo que permite seguir invirtiendo sin p\u00e9rdidas, aunque con m\u00e1rgenes m\u00e1s estrechos. &#8220;Nos convertimos en una compa\u00f1\u00eda resiliente&#8221;, afirm\u00f3.<\/p>\n<figure><img decoding=\"async\" src=\"https:\/\/derechadiario.com.ar\/filesedc\/uploads\/image\/post\/screenshot-2025-04-11-120111_1200_800.webp\" class=\"img-responsive lazyload\" alt=\"Edificio con un gran cartel de YPF y banderas de Estados Unidos y Argentina.\" title=\"Edificio con un gran cartel de YPF y banderas de Estados Unidos y Argentina.\"><\/figure>\n<h2><strong>Vaca Muerta como eje del crecimiento<\/strong><\/h2>\n<p><strong>La apuesta de YPF queda clara: las inversiones futuras estar\u00e1n dirigidas casi exclusivamente al desarrollo no convencional<\/strong>. El objetivo es aprovechar al m\u00e1ximo el potencial de Vaca Muerta y posicionar a la empresa como un jugador competitivo a escala internacional.<\/p>\n<p>Con esta hoja de ruta, Mar\u00edn busca atraer nuevas inversiones y <strong>reforzar la confianza del mercado en el proyecto energ\u00e9tico nacional<\/strong>, en un contexto global desafiante y cambiante.<\/p>\n","protected":false},"excerpt":{"rendered":"<p>La petrolera estatal YPF realiz\u00f3 este viernes 11 de abril su Investor Day en la Bolsa de Nueva York, donde su CEO y presidente, Horacio Mar\u00edn, present\u00f3 ante los accionistas el nuevo plan estrat\u00e9gico para los pr\u00f3ximos cinco a\u00f1os. El evento, que culminar\u00e1 con el tradicional toque de campana, marca un hito en la nueva [&hellip;]<\/p>\n","protected":false},"author":2,"featured_media":1910,"comment_status":"open","ping_status":"open","sticky":false,"template":"","format":"standard","meta":{"_et_pb_use_builder":"","_et_pb_old_content":"","_et_gb_content_width":"","footnotes":""},"categories":[80],"tags":[],"class_list":["post-1909","post","type-post","status-publish","format-standard","has-post-thumbnail","hentry","category-economia-2"],"_links":{"self":[{"href":"https:\/\/verdadincomodadiario.ar\/index.php?rest_route=\/wp\/v2\/posts\/1909","targetHints":{"allow":["GET"]}}],"collection":[{"href":"https:\/\/verdadincomodadiario.ar\/index.php?rest_route=\/wp\/v2\/posts"}],"about":[{"href":"https:\/\/verdadincomodadiario.ar\/index.php?rest_route=\/wp\/v2\/types\/post"}],"author":[{"embeddable":true,"href":"https:\/\/verdadincomodadiario.ar\/index.php?rest_route=\/wp\/v2\/users\/2"}],"replies":[{"embeddable":true,"href":"https:\/\/verdadincomodadiario.ar\/index.php?rest_route=%2Fwp%2Fv2%2Fcomments&post=1909"}],"version-history":[{"count":0,"href":"https:\/\/verdadincomodadiario.ar\/index.php?rest_route=\/wp\/v2\/posts\/1909\/revisions"}],"wp:featuredmedia":[{"embeddable":true,"href":"https:\/\/verdadincomodadiario.ar\/index.php?rest_route=\/wp\/v2\/media\/1910"}],"wp:attachment":[{"href":"https:\/\/verdadincomodadiario.ar\/index.php?rest_route=%2Fwp%2Fv2%2Fmedia&parent=1909"}],"wp:term":[{"taxonomy":"category","embeddable":true,"href":"https:\/\/verdadincomodadiario.ar\/index.php?rest_route=%2Fwp%2Fv2%2Fcategories&post=1909"},{"taxonomy":"post_tag","embeddable":true,"href":"https:\/\/verdadincomodadiario.ar\/index.php?rest_route=%2Fwp%2Fv2%2Ftags&post=1909"}],"curies":[{"name":"wp","href":"https:\/\/api.w.org\/{rel}","templated":true}]}}