{"id":1907,"date":"2025-04-12T01:03:44","date_gmt":"2025-04-12T01:03:44","guid":{"rendered":"https:\/\/www.verdadincomodadiario.ar\/?p=1907"},"modified":"2025-04-12T01:03:44","modified_gmt":"2025-04-12T01:03:44","slug":"el-gobierno-de-milei-avanza-con-la-privatizacion-de-cuatro-centrales-hidroelectricas","status":"publish","type":"post","link":"https:\/\/verdadincomodadiario.ar\/?p=1907","title":{"rendered":"El Gobierno de Milei avanza con la privatizaci\u00f3n de cuatro centrales hidroel\u00e9ctricas"},"content":{"rendered":"<p>El\u00a0Gobierno de <a href=\"https:\/\/derechadiario.com.ar\/politica\/presidente-javier-milei-ya-segundo-lider-mundial-con-mayor-aprobacion\" target=\"_blank\" title=\"El presidente Javier Milei ya es el segundo l\u00edder mundial con mayor aprobaci\u00f3n\"><strong>Javier Milei<\/strong><\/a> oficializ\u00f3 la decisi\u00f3n de avanzar con la <a href=\"https:\/\/derechadiario.com.ar\/politica\/gobierno-milei-transformo-cinco-empresas-estatales-sociedades-anonimas\" target=\"_blank\" title=\"El Gobierno de Milei transform\u00f3 a cinco empresas estatales en sociedades an\u00f3nimas\"><strong>privatizaci\u00f3n<\/strong><\/a>, mediante la <strong>venta<\/strong> del paquete accionario mayoritario, de <strong>cuatro centrales hidroel\u00e9ctricas<\/strong>.<\/p>\n<p>La medida fue formalizada mediante el Decreto 263\/2025, firmado por el presidente <strong>Javier Milei<\/strong> y publicado en el Bolet\u00edn Oficial. La normativa establece un nuevo plazo de 15 d\u00edas para lanzar la convocatoria al Concurso P\u00fablico Nacional e Internacional.<\/p>\n<p>Las sociedades que ser\u00e1n objeto del proceso son <strong>Alicur\u00e1<\/strong>, <strong>El Choc\u00f3n<\/strong>, <strong>Cerros Colorados<\/strong> y <strong>Piedra del \u00c1guila<\/strong>. De acuerdo con el decreto, la decisi\u00f3n del Ejecutivo responde a un pedido conjunto de los gobernadores de Neuqu\u00e9n y R\u00edo Negro, <strong>Rolando Figueroa<\/strong> y <strong>Alberto Weretilneck<\/strong>, quienes solicitaron una pr\u00f3rroga con el fin de que sus equipos t\u00e9cnicos puedan analizar detalladamente el proceso y formular observaciones al Gobierno nacional.<\/p>\n<p>Estas empresas fueron creadas originalmente por ENARSA y Nucleoel\u00e9ctrica Argentina S.A. (NASA) a trav\u00e9s del Decreto 718\/2024, que establec\u00eda la realizaci\u00f3n del concurso de privatizaci\u00f3n en un plazo m\u00e1ximo de 180 d\u00edas desde su entrada en vigencia. Luego, el Decreto 895\/2024 introdujo una modificaci\u00f3n clave: incorpor\u00f3 a la Agencia de Transformaci\u00f3n de Empresas P\u00fablicas como organismo responsable de liderar el proceso, en articulaci\u00f3n con la Secretar\u00eda de Energ\u00eda.<\/p>\n<aside class=\"are-you-interested-container-photo\"><\/aside>\n<p>Con esta nueva normativa, el Ejecutivo no solo ampl\u00eda el plazo, sino que tambi\u00e9n reafirma su intenci\u00f3n de asegurar la participaci\u00f3n activa de las provincias y de los entes interjurisdiccionales en la toma de decisiones vinculadas al destino de las centrales.<\/p>\n<p>&#8220;<strong>Corresponde\u00a0fijar un plazo de quince d\u00edas,\u00a0contados a partir de la publicaci\u00f3n del presente, con el fin de que las mencionadas provincias y todos los organismos interjurisdiccionales involucrados tomen la debida participaci\u00f3n en el proceso<\/strong>&#8220;,\u00a0expresa el considerando del decreto.<\/p>\n<aside class=\"whatsappChannelText\"><a href=\"https:\/\/whatsapp.com\/channel\/0029VagEjILGE56eKjedWF2U\" rel=\"nofollow\" title=\"WhatsApp Link\"><img alt=\"Logo de WhatsApp\" class=\"lazyload\" data-src=\"https:\/\/derechadiario.com.ar\/filesedc\/uploads\/other\/whatsapp_icon_mid_article.png\" width=\"32\" height=\"32\"><\/a> <a href=\"https:\/\/whatsapp.com\/channel\/0029VagEjILGE56eKjedWF2U\" rel=\"nofollow\" title=\"WhatsApp Link\"><strong>NO SE PIERDAN NINGUNA NOTICIA<\/strong>: Click aqu\u00ed para sumarte <strong>GRATIS<\/strong> al canal de noticias de <strong>La Derecha Diario en WhatsApp.<\/strong><\/a><\/aside>\n<p>Con esta medida del Gobierno de Milei, se busca que las centrales hidroel\u00e9ctricas\u00a0puedan mejorar su <strong>eficiencia operativa<\/strong> y atraer <strong>inversiones<\/strong> que el sector p\u00fablico, mayormente ineficiente,\u00a0no puede costear.<\/p>\n<p>La Agencia de Transformaci\u00f3n de Empresas P\u00fablicas \u2014organismo ejecutor que depende del Ministerio de Econom\u00eda\u2014 ser\u00e1 responsable de conducir la licitaci\u00f3n, definir los requisitos del proceso y aprobar, en conjunto con la Secretar\u00eda de Energ\u00eda, los pliegos de bases y condiciones.<\/p>\n","protected":false},"excerpt":{"rendered":"<p>El\u00a0Gobierno de Javier Milei oficializ\u00f3 la decisi\u00f3n de avanzar con la privatizaci\u00f3n, mediante la venta del paquete accionario mayoritario, de cuatro centrales hidroel\u00e9ctricas. La medida fue formalizada mediante el Decreto 263\/2025, firmado por el presidente Javier Milei y publicado en el Bolet\u00edn Oficial. La normativa establece un nuevo plazo de 15 d\u00edas para lanzar la [&hellip;]<\/p>\n","protected":false},"author":2,"featured_media":1908,"comment_status":"open","ping_status":"open","sticky":false,"template":"","format":"standard","meta":{"_et_pb_use_builder":"","_et_pb_old_content":"","_et_gb_content_width":"","footnotes":""},"categories":[80],"tags":[],"class_list":["post-1907","post","type-post","status-publish","format-standard","has-post-thumbnail","hentry","category-economia-2"],"_links":{"self":[{"href":"https:\/\/verdadincomodadiario.ar\/index.php?rest_route=\/wp\/v2\/posts\/1907","targetHints":{"allow":["GET"]}}],"collection":[{"href":"https:\/\/verdadincomodadiario.ar\/index.php?rest_route=\/wp\/v2\/posts"}],"about":[{"href":"https:\/\/verdadincomodadiario.ar\/index.php?rest_route=\/wp\/v2\/types\/post"}],"author":[{"embeddable":true,"href":"https:\/\/verdadincomodadiario.ar\/index.php?rest_route=\/wp\/v2\/users\/2"}],"replies":[{"embeddable":true,"href":"https:\/\/verdadincomodadiario.ar\/index.php?rest_route=%2Fwp%2Fv2%2Fcomments&post=1907"}],"version-history":[{"count":0,"href":"https:\/\/verdadincomodadiario.ar\/index.php?rest_route=\/wp\/v2\/posts\/1907\/revisions"}],"wp:featuredmedia":[{"embeddable":true,"href":"https:\/\/verdadincomodadiario.ar\/index.php?rest_route=\/wp\/v2\/media\/1908"}],"wp:attachment":[{"href":"https:\/\/verdadincomodadiario.ar\/index.php?rest_route=%2Fwp%2Fv2%2Fmedia&parent=1907"}],"wp:term":[{"taxonomy":"category","embeddable":true,"href":"https:\/\/verdadincomodadiario.ar\/index.php?rest_route=%2Fwp%2Fv2%2Fcategories&post=1907"},{"taxonomy":"post_tag","embeddable":true,"href":"https:\/\/verdadincomodadiario.ar\/index.php?rest_route=%2Fwp%2Fv2%2Ftags&post=1907"}],"curies":[{"name":"wp","href":"https:\/\/api.w.org\/{rel}","templated":true}]}}