{"id":1905,"date":"2025-04-12T01:03:45","date_gmt":"2025-04-12T01:03:45","guid":{"rendered":"https:\/\/www.verdadincomodadiario.ar\/?p=1905"},"modified":"2025-04-12T01:03:45","modified_gmt":"2025-04-12T01:03:45","slug":"la-inflacion-de-marzo-fue-del-37-y-la-interanual-se-desplomo-al-559","status":"publish","type":"post","link":"https:\/\/verdadincomodadiario.ar\/?p=1905","title":{"rendered":"La inflaci\u00f3n de marzo fue del 3,7% y la interanual se desplom\u00f3 al 55,9%"},"content":{"rendered":"<p>El Instituto Nacional de Estad\u00edstica y Censos (INDEC) public\u00f3 este viernes 11 de abril el dato oficial del \u00cdndice de Precios al Consumidor (IPC) correspondiente a marzo de 2025, afectado fuertemente por el <strong>comienzo de las clases<\/strong>.<\/p>\n<p>Seg\u00fan el organismo, la inflaci\u00f3n mensual alcanz\u00f3 el <strong>3,7%<\/strong>, un valor que, aunque superior al 2,4% de febrero, confirma la <strong>tendencia de desaceleraci\u00f3n<\/strong> en el aumento de precios, quedando muy por debajo del <strong>11%<\/strong> registrado en marzo de 2024.<\/p>\n<p>M\u00e1s impresionante a\u00fan, la inflaci\u00f3n interanual <strong>se desplom\u00f3 al 55,9%<\/strong>, una ca\u00edda contundente frente al <strong>66,9%<\/strong> de febrero de 2025 y un abismo de diferencia con el <strong>287,9%<\/strong> registrado en marzo de 2024, cuando la econom\u00eda a\u00fan sufr\u00eda la peor parte de la crisis heredada del kirchnerismo.<\/p>\n<div class=\"inter_image image_horizontal\">\n<picture><source class=\"img-responsive\" type=\"image\/webp\" data-srcset=\"\/filesedc\/uploads\/image\/post\/gorrezdxwaeubvf_300_200.webp 300w, \n\/filesedc\/uploads\/image\/post\/gorrezdxwaeubvf_630_420.webp 630w,\n                                \/filesedc\/uploads\/image\/post\/gorrezdxwaeubvf_760_507.webp 760w,\n                                \/filesedc\/uploads\/image\/post\/gorrezdxwaeubvf_1200_800.webp 1200w,\n                                \/filesedc\/uploads\/image\/post\/gorrezdxwaeubvf_1600_1067.webp 1600w\"><img decoding=\"async\" src=\"https:\/\/derechadiario.com.ar\/filesedc\/uploads\/image\/post\/gorrezdxwaeubvf_1200_800.webp\" class=\"img-responsive lazyload\" alt=\"Gr\u00e1fico de barras que muestra las variaciones porcentuales mensuales del \u00edndice de precios al consumidor por divisiones en marzo de 2025, destacando que la educaci\u00f3n tiene el mayor aumento con un 21.6%, seguido por alimentos y bebidas no alcoh\u00f3licas con un 5.9%, mientras que recreaci\u00f3n y cultura tiene el menor incremento con un 0.2%.\" title=\"Gr\u00e1fico de barras que muestra las variaciones porcentuales mensuales del \u00edndice de precios al consumidor por divisiones en marzo de 2025, destacando que la educaci\u00f3n tiene el mayor aumento con un 21.6%, seguido por alimentos y bebidas no alcoh\u00f3licas con un 5.9%, mientras que recreaci\u00f3n y cultura tiene el menor incremento con un 0.2%.\"><\/picture>\n<div>\n<span class=\"img_footer\">Datos del INDEC. <\/span>| <span class=\"img_author\">La Derecha Diario<\/span>\n<\/div>\n<\/div>\n<p>Hace apenas un a\u00f1o, en marzo de 2024, la inflaci\u00f3n mensual llegaba\u00a0al 11%, producto de las pol\u00edticas populistas del gobierno anterior, que financiaba\u00a0con <strong>emisi\u00f3n monetaria<\/strong> un <strong>d\u00e9ficit fiscal de 15 puntos del PBI<\/strong>. Ese legado de inestabilidad, que llev\u00f3 a Argentina al borde de una <strong>hiperinflaci\u00f3n<\/strong>, contrast\u00f3 con el cambio de rumbo impulsado por la gesti\u00f3n de <a href=\"https:\/\/derechadiario.com.ar\/economia\/gobierno-milei-avanza-con-privatizacion-cuatro-centrales-hidroelectricas\" target=\"_blank\" title=\"El Gobierno de Milei avanza con la privatizaci\u00f3n de cuatro centrales hidroel\u00e9ctricas\"><strong>Javier Milei<\/strong><\/a> desde diciembre de 2023.<\/p>\n<aside class=\"are-you-interested-container-photo\"><\/aside>\n<p>Las medidas de la administraci\u00f3n libertaria, como la eliminaci\u00f3n del d\u00e9ficit fiscal, la reducci\u00f3n dr\u00e1stica del gasto pol\u00edtico, fin de la emisi\u00f3n monetaria para financiar al Estado y la desregulaci\u00f3n, lograron controlar una\u00a0inflaci\u00f3n que durante a\u00f1os pulveriz\u00f3 los ingresos de los argentinos.<\/p>\n<p>El dato de marzo de 2025, con un IPC mensual de 3,7%, es el reflejo de una econom\u00eda que, paso a paso, <strong>recupera la estabilidad<\/strong> y <strong>empieza a generar confianza<\/strong>.<\/p>\n<aside class=\"whatsappChannelText\"><a href=\"https:\/\/whatsapp.com\/channel\/0029VagEjILGE56eKjedWF2U\" rel=\"nofollow\" title=\"WhatsApp Link\"><img alt=\"Logo de WhatsApp\" class=\"lazyload\" data-src=\"https:\/\/derechadiario.com.ar\/filesedc\/uploads\/other\/whatsapp_icon_mid_article.png\" width=\"32\" height=\"32\"><\/a> <a href=\"https:\/\/whatsapp.com\/channel\/0029VagEjILGE56eKjedWF2U\" rel=\"nofollow\" title=\"WhatsApp Link\"><strong>NO SE PIERDAN NINGUNA NOTICIA<\/strong>: Click aqu\u00ed para sumarte <strong>GRATIS<\/strong> al canal de noticias de <strong>La Derecha Diario en WhatsApp.<\/strong><\/a><\/aside>\n<figure><img decoding=\"async\" src=\"https:\/\/derechadiario.com.ar\/filesedc\/uploads\/image\/post\/gorhh2ywuaakszp_1200_800.webp\" class=\"img-responsive lazyload\" alt=\"Gr\u00e1fico de barras que muestra el \u00edndice de precios al consumidor en Argentina desde abril de 2024 hasta marzo de 2025, con variaciones mensuales en porcentaje.\" title=\"Gr\u00e1fico de barras que muestra el \u00edndice de precios al consumidor en Argentina desde abril de 2024 hasta marzo de 2025, con variaciones mensuales en porcentaje.\"><\/figure>\n<p>Seg\u00fan el INDEC, la divisi\u00f3n con mayor alza mensual en marzo de 2025 fue <strong>Educaci\u00f3n<\/strong> (21,6%), algo que explica el aumento respecto a febrero. Por otro lado, la divisi\u00f3n con menor suba fue <strong>Recreaci\u00f3n y cultura<\/strong> (0,2%).<\/p>\n<p>El desplome de la inflaci\u00f3n interanual al 55,9%, el nivel m\u00e1s bajo en a\u00f1os, demuestra que el <strong>rumbo es el correcto<\/strong>. Frente a las cr\u00edticas de quienes defienden el intervencionismo estatal, los n\u00fameros hablan por s\u00ed solos: la libertad econ\u00f3mica es el \u00fanico camino para salir de la decadencia heredada.<\/p>\n<p>Con disciplina fiscal y un Estado que deje de ser un obst\u00e1culo para los ciudadanos, Argentina est\u00e1 m\u00e1s cerca de convertirse en el pa\u00eds pr\u00f3spero que alguna vez supo ser.<\/p>\n","protected":false},"excerpt":{"rendered":"<p>El Instituto Nacional de Estad\u00edstica y Censos (INDEC) public\u00f3 este viernes 11 de abril el dato oficial del \u00cdndice de Precios al Consumidor (IPC) correspondiente a marzo de 2025, afectado fuertemente por el comienzo de las clases. Seg\u00fan el organismo, la inflaci\u00f3n mensual alcanz\u00f3 el 3,7%, un valor que, aunque superior al 2,4% de febrero, [&hellip;]<\/p>\n","protected":false},"author":2,"featured_media":1906,"comment_status":"open","ping_status":"open","sticky":false,"template":"","format":"standard","meta":{"_et_pb_use_builder":"","_et_pb_old_content":"","_et_gb_content_width":"","footnotes":""},"categories":[80],"tags":[],"class_list":["post-1905","post","type-post","status-publish","format-standard","has-post-thumbnail","hentry","category-economia-2"],"_links":{"self":[{"href":"https:\/\/verdadincomodadiario.ar\/index.php?rest_route=\/wp\/v2\/posts\/1905","targetHints":{"allow":["GET"]}}],"collection":[{"href":"https:\/\/verdadincomodadiario.ar\/index.php?rest_route=\/wp\/v2\/posts"}],"about":[{"href":"https:\/\/verdadincomodadiario.ar\/index.php?rest_route=\/wp\/v2\/types\/post"}],"author":[{"embeddable":true,"href":"https:\/\/verdadincomodadiario.ar\/index.php?rest_route=\/wp\/v2\/users\/2"}],"replies":[{"embeddable":true,"href":"https:\/\/verdadincomodadiario.ar\/index.php?rest_route=%2Fwp%2Fv2%2Fcomments&post=1905"}],"version-history":[{"count":0,"href":"https:\/\/verdadincomodadiario.ar\/index.php?rest_route=\/wp\/v2\/posts\/1905\/revisions"}],"wp:featuredmedia":[{"embeddable":true,"href":"https:\/\/verdadincomodadiario.ar\/index.php?rest_route=\/wp\/v2\/media\/1906"}],"wp:attachment":[{"href":"https:\/\/verdadincomodadiario.ar\/index.php?rest_route=%2Fwp%2Fv2%2Fmedia&parent=1905"}],"wp:term":[{"taxonomy":"category","embeddable":true,"href":"https:\/\/verdadincomodadiario.ar\/index.php?rest_route=%2Fwp%2Fv2%2Fcategories&post=1905"},{"taxonomy":"post_tag","embeddable":true,"href":"https:\/\/verdadincomodadiario.ar\/index.php?rest_route=%2Fwp%2Fv2%2Ftags&post=1905"}],"curies":[{"name":"wp","href":"https:\/\/api.w.org\/{rel}","templated":true}]}}