{"id":1903,"date":"2025-04-12T01:03:46","date_gmt":"2025-04-12T01:03:46","guid":{"rendered":"https:\/\/www.verdadincomodadiario.ar\/?p=1903"},"modified":"2025-04-12T01:03:46","modified_gmt":"2025-04-12T01:03:46","slug":"todos-los-detalles-del-inicio-de-la-tercera-fase-del-programa-economico-de-milei","status":"publish","type":"post","link":"https:\/\/verdadincomodadiario.ar\/?p=1903","title":{"rendered":"Todos los detalles del inicio de la tercera fase del programa econ\u00f3mico de Milei"},"content":{"rendered":"<p>En un anuncio clave para el futuro econ\u00f3mico de la Argentina, \u00a0<strong>el Presidente de la Naci\u00f3n <a href=\"https:\/\/derechadiario.com.ar\/politica\/anuncio-del-gobierno-milei-sobre-acuerdo-con-fmi\" title=\"El Gobierno de Javier Milei anunci\u00f3 el fin del cepo cambiario\">Javier Milei<\/a>, junto al Ministro de Econom\u00eda, Luis &#8220;Toto&#8221; Caputo, confirm\u00f3 el inicio de una nueva fase del programa econ\u00f3mico<\/strong> que tiene como objetivo consolidar el proceso de estabilizaci\u00f3n.<\/p>\n<p><strong>Esta etapa se apoya en cinco medidas centrales<\/strong> que, seg\u00fan el Ejecutivo, marcar\u00e1n un cambio de rumbo estructural en la pol\u00edtica monetaria y cambiaria del pa\u00eds.<\/p>\n<h2><strong>Levantamiento del cepo y libre acceso al mercado de cambios<\/strong><\/h2>\n<p>Una de las decisiones m\u00e1s significativas es la eliminaci\u00f3n del cepo cambiario. <strong>A partir de los pr\u00f3ximos d\u00edas, los individuos podr\u00e1n acceder sin restricciones al mercado de divisas<\/strong>. En paralelo, se habilita a las empresas a girar dividendos correspondientes al a\u00f1o en curso, lo que se interpreta como una se\u00f1al clara de normalizaci\u00f3n de la econom\u00eda. <strong>Para los dividendos y deudas acumuladas durante el a\u00f1o 2024, las compa\u00f1\u00edas podr\u00e1n cancelarlas a trav\u00e9s de la suscripci\u00f3n de un bono en d\u00f3lares emitido por el Banco Central (BCRA).<\/strong><\/p>\n<p>Adem\u00e1s, el <a href=\"https:\/\/derechadiario.com.ar\/politica\/gobierno-presento-los-cancilleres-del-mercosur-su-propuesta-para-abrir-bloque\" title=\"El Gobierno present\u00f3 a los cancilleres del Mercosur su propuesta para abrir el bloque\">Ejecutivo<\/a> dispuso la eliminaci\u00f3n del esquema conocido como <strong>D\u00f3lar Blend<\/strong>, que hasta ahora permit\u00eda una cotizaci\u00f3n combinada entre el tipo de cambio oficial y el contado con liquidaci\u00f3n. Esta decisi\u00f3n apunta a transparentar el sistema cambiario y fortalecer la previsibilidad.<\/p>\n<aside class=\"are-you-interested-container-photo\"><\/aside>\n<h2><strong>Inyecci\u00f3n de fondos internacionales y recapitalizaci\u00f3n del BCRA<\/strong><\/h2>\n<p>El plan incluye una inyecci\u00f3n de USD 23.100 millones por parte de organismos multilaterales, de los cuales <strong>USD 15.000 millones provendr\u00e1n del Fondo Monetario Internacional (FMI).<\/strong><\/p>\n<p><strong>Estos fondos ser\u00e1n de libre disponibilidad y estar\u00e1n destinados principalmente a la recapitalizaci\u00f3n del Banco Central<\/strong>. La disponibilidad inmediata de divisas busca respaldar la transici\u00f3n hacia un r\u00e9gimen de flotaci\u00f3n m\u00e1s flexible y con mayor respaldo.<\/p>\n<h2><strong>R\u00e9gimen de flotaci\u00f3n con bandas: entre $1000 y $1400 por d\u00f3lar<\/strong><\/h2>\n<p>El nuevo r\u00e9gimen cambiario funcionar\u00e1 bajo un sistema de bandas. <strong>El d\u00f3lar flotar\u00e1 entre un m\u00ednimo de $1000 y un m\u00e1ximo de $1400, ajust\u00e1ndose mensualmente en un 1%<\/strong>: la banda inferior disminuir\u00e1 en ese porcentaje y la superior aumentar\u00e1 en la misma proporci\u00f3n.<\/p>\n<aside class=\"whatsappChannelText\"><a href=\"https:\/\/whatsapp.com\/channel\/0029VagEjILGE56eKjedWF2U\" rel=\"nofollow\" title=\"WhatsApp Link\"><img alt=\"Logo de WhatsApp\" class=\"lazyload\" data-src=\"https:\/\/derechadiario.com.ar\/filesedc\/uploads\/other\/whatsapp_icon_mid_article.png\" width=\"32\" height=\"32\"><\/a> <a href=\"https:\/\/whatsapp.com\/channel\/0029VagEjILGE56eKjedWF2U\" rel=\"nofollow\" title=\"WhatsApp Link\"><strong>NO SE PIERDAN NINGUNA NOTICIA<\/strong>: Click aqu\u00ed para sumarte <strong>GRATIS<\/strong> al canal de noticias de <strong>La Derecha Diario en WhatsApp.<\/strong><\/a><\/aside>\n<p>En caso de que el tipo de cambio supere la banda superior, <strong>el BCRA intervendr\u00e1 vendiendo divisas y absorbiendo los pesos del mercado.<\/strong> Si cae por debajo de la banda inferior, el BCRA comprar\u00e1 divisas sin esterilizar los pesos, ampliando as\u00ed su capacidad de intervenci\u00f3n sin afectar la liquidez general.<\/p>\n<h2><strong>Ajuste fiscal adicional para reforzar el super\u00e1vit<\/strong><\/h2>\n<p>Como parte del paquete, se decidi\u00f3 aplicar un ajuste fiscal extra equivalente al 0,3% del PBI, lo que representa un 0,5% anualizado. Con esta medida, <strong>el Gobierno proyecta alcanzar un super\u00e1vit fiscal primario del 1,6% hacia finales de este a\u00f1o<\/strong>. El esfuerzo apunta a reforzar la sostenibilidad macroecon\u00f3mica, reducir la dependencia de financiamiento monetario y dar se\u00f1ales claras a los mercados.<\/p>\n<p>Con este nuevo marco econ\u00f3mico, \u00a0<strong>el Gobierno busca avanzar decididamente hacia un esquema de estabilidad sostenida, anclado en el equilibrio fiscal<\/strong>, la normalizaci\u00f3n del mercado cambiario y la recomposici\u00f3n de reservas internacionales.<\/p>\n","protected":false},"excerpt":{"rendered":"<p>En un anuncio clave para el futuro econ\u00f3mico de la Argentina, \u00a0el Presidente de la Naci\u00f3n Javier Milei, junto al Ministro de Econom\u00eda, Luis &#8220;Toto&#8221; Caputo, confirm\u00f3 el inicio de una nueva fase del programa econ\u00f3mico que tiene como objetivo consolidar el proceso de estabilizaci\u00f3n. Esta etapa se apoya en cinco medidas centrales que, seg\u00fan [&hellip;]<\/p>\n","protected":false},"author":2,"featured_media":1904,"comment_status":"open","ping_status":"open","sticky":false,"template":"","format":"standard","meta":{"_et_pb_use_builder":"","_et_pb_old_content":"","_et_gb_content_width":"","footnotes":""},"categories":[80],"tags":[],"class_list":["post-1903","post","type-post","status-publish","format-standard","has-post-thumbnail","hentry","category-economia-2"],"_links":{"self":[{"href":"https:\/\/verdadincomodadiario.ar\/index.php?rest_route=\/wp\/v2\/posts\/1903","targetHints":{"allow":["GET"]}}],"collection":[{"href":"https:\/\/verdadincomodadiario.ar\/index.php?rest_route=\/wp\/v2\/posts"}],"about":[{"href":"https:\/\/verdadincomodadiario.ar\/index.php?rest_route=\/wp\/v2\/types\/post"}],"author":[{"embeddable":true,"href":"https:\/\/verdadincomodadiario.ar\/index.php?rest_route=\/wp\/v2\/users\/2"}],"replies":[{"embeddable":true,"href":"https:\/\/verdadincomodadiario.ar\/index.php?rest_route=%2Fwp%2Fv2%2Fcomments&post=1903"}],"version-history":[{"count":0,"href":"https:\/\/verdadincomodadiario.ar\/index.php?rest_route=\/wp\/v2\/posts\/1903\/revisions"}],"wp:featuredmedia":[{"embeddable":true,"href":"https:\/\/verdadincomodadiario.ar\/index.php?rest_route=\/wp\/v2\/media\/1904"}],"wp:attachment":[{"href":"https:\/\/verdadincomodadiario.ar\/index.php?rest_route=%2Fwp%2Fv2%2Fmedia&parent=1903"}],"wp:term":[{"taxonomy":"category","embeddable":true,"href":"https:\/\/verdadincomodadiario.ar\/index.php?rest_route=%2Fwp%2Fv2%2Fcategories&post=1903"},{"taxonomy":"post_tag","embeddable":true,"href":"https:\/\/verdadincomodadiario.ar\/index.php?rest_route=%2Fwp%2Fv2%2Ftags&post=1903"}],"curies":[{"name":"wp","href":"https:\/\/api.w.org\/{rel}","templated":true}]}}