{"id":1901,"date":"2025-04-12T01:03:47","date_gmt":"2025-04-12T01:03:47","guid":{"rendered":"https:\/\/www.verdadincomodadiario.ar\/?p=1901"},"modified":"2025-04-12T01:03:47","modified_gmt":"2025-04-12T01:03:47","slug":"como-se-desarrollaran-los-desembolsos-del-acuerdo-argentino-con-el-fmi","status":"publish","type":"post","link":"https:\/\/verdadincomodadiario.ar\/?p=1901","title":{"rendered":"Como se desarrollar\u00e1n los desembolsos del acuerdo argentino con el FMI"},"content":{"rendered":"<p>En una jornada clave para la econom\u00eda <a href=\"https:\/\/derechadiario.com.ar\/politica\/gobierno-presento-los-cancilleres-del-mercosur-su-propuesta-para-abrir-bloque\" title=\"El Gobierno present\u00f3 a los cancilleres del Mercosur su propuesta para abrir el bloque\">argentina<\/a>, el ministro de Econom\u00eda, <a href=\"https:\/\/derechadiario.com.ar\/economia\/todos-los-detalles-del-inicio-tercera-fase-del-programa-economico-milei\" title=\"Todos los detalles del inicio de la tercera fase del programa econ\u00f3mico de Milei\">Luis Caputo,<\/a> anunci\u00f3 un <strong>paquete de financiamiento externo por USD 23.100 millones de libre disponibilidad para el a\u00f1o 2025<\/strong>. Este ambicioso programa de inyecci\u00f3n de divisas, articulado en cooperaci\u00f3n con el \u00a0<strong>Fondo Monetario Internacional<\/strong>\u00a0 (FMI), otros organismos multilaterales de cr\u00e9dito y bancos internacionales, marca un punto de inflexi\u00f3n para el plan econ\u00f3mico liderado por el <strong>Presidente Javier Milei<\/strong>, quien con determinaci\u00f3n ha encarado una profunda transformaci\u00f3n del modelo econ\u00f3mico heredado.<\/p>\n<p>El primer gran hito ser\u00e1 el desembolso de \u00a0<strong>USD 12.000 millones por parte del FMI<\/strong> el pr\u00f3ximo martes, seguido por transferencias adicionales de <strong>USD 2.000 millones en junio y un \u00faltimo tramo de USD 1.000 millones antes de fin de a\u00f1o.<\/strong>\u00a0 Con estos fondos, el pa\u00eds no solo consolidar\u00e1 reservas sino que podr\u00e1 recapitalizar el Banco Central, un objetivo central del programa oficial.<\/p>\n<div class=\"inter_image image_horizontal\">\n<picture><source class=\"img-responsive\" type=\"image\/webp\" data-srcset=\"\/filesedc\/uploads\/image\/post\/banco-central-bcra-rem-tasas_300_200.webp 300w, \n\/filesedc\/uploads\/image\/post\/banco-central-bcra-rem-tasas_630_420.webp 630w,\n                                \/filesedc\/uploads\/image\/post\/banco-central-bcra-rem-tasas_760_507.webp 760w,\n                                \/filesedc\/uploads\/image\/post\/banco-central-bcra-rem-tasas_1200_800.webp 1200w,\n                                \/filesedc\/uploads\/image\/post\/banco-central-bcra-rem-tasas_1600_1067.webp 1600w\"><img decoding=\"async\" src=\"https:\/\/derechadiario.com.ar\/filesedc\/uploads\/image\/post\/banco-central-bcra-rem-tasas_1200_800.webp\" class=\"img-responsive lazyload\" alt=\"Fachada del Banco Central de la Rep\u00fablica Argentina con columnas y detalles arquitect\u00f3nicos cl\u00e1sicos.\" title=\"Fachada del Banco Central de la Rep\u00fablica Argentina con columnas y detalles arquitect\u00f3nicos cl\u00e1sicos.\"><\/picture>\n<div>\n<span class=\"img_footer\">Banco Central de la Rep\u00fablica Argentina. <\/span>| <span class=\"img_author\">La Derecha Diario<\/span>\n<\/div>\n<\/div>\n<p><strong>\u201cLa primera etapa fue terminar con el d\u00e9ficit fiscal, la segunda con el cuasifiscal y la emisi\u00f3n monetaria. La tercera, que estamos concluyendo ahora, es la recapitalizaci\u00f3n del Banco Central\u201d<\/strong>, sostuvo Caputo con claridad t\u00e9cnica.<\/p>\n<p>En paralelo, el Gobierno confirm\u00f3 una serie de desembolsos complementarios: <strong>USD 3.600 millones<\/strong> provenientes de pr\u00e9stamos de entidades de cr\u00e9dito internacionales antes de mitad de a\u00f1o, <strong>USD 2.500 millones<\/strong> adicionales en el segundo semestre y una operaci\u00f3n de \u201crepo\u201d por \u00a0<strong>USD 2.000 millones<\/strong>\u00a0 entre el <strong>BCRA<\/strong>\u00a0 y bancos del exterior.<\/p>\n<aside class=\"are-you-interested-container-photo\"><\/aside>\n<p>Este respaldo financiero\u00a0tiene lugar en un contexto donde las reservas internacionales ven\u00edan en retroceso \u2014con una ca\u00edda acumulada de \u00a0<strong>USD 8.100 millones<\/strong> desde principios de a\u00f1o\u2014 ubic\u00e1ndose en el nivel m\u00e1s bajo de los \u00faltimos 14 meses. La respuesta del <strong>Ejecutivo<\/strong>\u00a0 ha sido contundente y estrat\u00e9gica, logrando recomponer la confianza de los mercados y consolidar un sendero de previsibilidad.<\/p>\n<aside class=\"whatsappChannelText\"><a href=\"https:\/\/whatsapp.com\/channel\/0029VagEjILGE56eKjedWF2U\" rel=\"nofollow\" title=\"WhatsApp Link\"><img alt=\"Logo de WhatsApp\" class=\"lazyload\" data-src=\"https:\/\/derechadiario.com.ar\/filesedc\/uploads\/other\/whatsapp_icon_mid_article.png\" width=\"32\" height=\"32\"><\/a> <a href=\"https:\/\/whatsapp.com\/channel\/0029VagEjILGE56eKjedWF2U\" rel=\"nofollow\" title=\"WhatsApp Link\"><strong>NO SE PIERDAN NINGUNA NOTICIA<\/strong>: Click aqu\u00ed para sumarte <strong>GRATIS<\/strong> al canal de noticias de <strong>La Derecha Diario en WhatsApp.<\/strong><\/a><\/aside>\n<h2>Punto final a uno de los mayores obst\u00e1culos: el cepo cambiario.<\/h2>\n<p>A partir del lunes pr\u00f3ximo, quedar\u00e1 eliminado completamente el cepo, dando paso a un nuevo r\u00e9gimen de flotaci\u00f3n administrada, con bandas que oscilar\u00e1n entre <strong>$1.000 y $1.400<\/strong>, ajustables en un <strong>1% mensual<\/strong>. El modelo, que cuenta con la aprobaci\u00f3n del directorio del FMI, inaugura una nueva era de libertad cambiaria en la <strong>Argentina<\/strong>.<\/p>\n<figure><img decoding=\"async\" src=\"https:\/\/derechadiario.com.ar\/filesedc\/uploads\/image\/post\/174741-620_1200_800.webp\" class=\"img-responsive lazyload\" alt=\"Un hombre de cabello canoso y traje oscuro habla frente a un micr\u00f3fono con una bandera azul y blanca de fondo.\" title=\"Un hombre de cabello canoso y traje oscuro habla frente a un micr\u00f3fono con una bandera azul y blanca de fondo.\"><\/figure>\n<p><strong>\u201cDesde este lunes se termina el cepo cambiario\u201d<\/strong>, anunci\u00f3 <strong>Caputo<\/strong> con firmeza, agradeciendo especialmente al Presidente <strong>Milei<\/strong>\u00a0 por su \u201cliderazgo, generosidad y valent\u00eda\u201d. \u00a0<strong>\u201cCuanto m\u00e1s trabajamos juntos, m\u00e1s admiraci\u00f3n me genera\u201d<\/strong>, a\u00f1adi\u00f3 el ministro, en presencia del titular del Banco Central, <strong>Santiago Bausili.<\/strong><\/p>\n<p>Este nuevo r\u00e9gimen, adem\u00e1s, pone <strong>fin al esquema del d\u00f3lar blend<\/strong>, habilita la distribuci\u00f3n de utilidades al exterior desde balances iniciados en <strong>2025<\/strong>, y <strong>elimina el tope mensual de USD 200 para la compra<\/strong> de divisas por parte de personas f\u00edsicas, completando as\u00ed el ciclo de normalizaci\u00f3n financiera y apertura de la econom\u00eda.<\/p>\n","protected":false},"excerpt":{"rendered":"<p>En una jornada clave para la econom\u00eda argentina, el ministro de Econom\u00eda, Luis Caputo, anunci\u00f3 un paquete de financiamiento externo por USD 23.100 millones de libre disponibilidad para el a\u00f1o 2025. Este ambicioso programa de inyecci\u00f3n de divisas, articulado en cooperaci\u00f3n con el \u00a0Fondo Monetario Internacional\u00a0 (FMI), otros organismos multilaterales de cr\u00e9dito y bancos internacionales, [&hellip;]<\/p>\n","protected":false},"author":2,"featured_media":1902,"comment_status":"open","ping_status":"open","sticky":false,"template":"","format":"standard","meta":{"_et_pb_use_builder":"","_et_pb_old_content":"","_et_gb_content_width":"","footnotes":""},"categories":[80],"tags":[],"class_list":["post-1901","post","type-post","status-publish","format-standard","has-post-thumbnail","hentry","category-economia-2"],"_links":{"self":[{"href":"https:\/\/verdadincomodadiario.ar\/index.php?rest_route=\/wp\/v2\/posts\/1901","targetHints":{"allow":["GET"]}}],"collection":[{"href":"https:\/\/verdadincomodadiario.ar\/index.php?rest_route=\/wp\/v2\/posts"}],"about":[{"href":"https:\/\/verdadincomodadiario.ar\/index.php?rest_route=\/wp\/v2\/types\/post"}],"author":[{"embeddable":true,"href":"https:\/\/verdadincomodadiario.ar\/index.php?rest_route=\/wp\/v2\/users\/2"}],"replies":[{"embeddable":true,"href":"https:\/\/verdadincomodadiario.ar\/index.php?rest_route=%2Fwp%2Fv2%2Fcomments&post=1901"}],"version-history":[{"count":0,"href":"https:\/\/verdadincomodadiario.ar\/index.php?rest_route=\/wp\/v2\/posts\/1901\/revisions"}],"wp:featuredmedia":[{"embeddable":true,"href":"https:\/\/verdadincomodadiario.ar\/index.php?rest_route=\/wp\/v2\/media\/1902"}],"wp:attachment":[{"href":"https:\/\/verdadincomodadiario.ar\/index.php?rest_route=%2Fwp%2Fv2%2Fmedia&parent=1901"}],"wp:term":[{"taxonomy":"category","embeddable":true,"href":"https:\/\/verdadincomodadiario.ar\/index.php?rest_route=%2Fwp%2Fv2%2Fcategories&post=1901"},{"taxonomy":"post_tag","embeddable":true,"href":"https:\/\/verdadincomodadiario.ar\/index.php?rest_route=%2Fwp%2Fv2%2Ftags&post=1901"}],"curies":[{"name":"wp","href":"https:\/\/api.w.org\/{rel}","templated":true}]}}