{"id":18345,"date":"2026-03-13T02:32:56","date_gmt":"2026-03-13T02:32:56","guid":{"rendered":"https:\/\/verdadincomodadiario.ar\/?p=18345"},"modified":"2026-03-13T02:32:56","modified_gmt":"2026-03-13T02:32:56","slug":"la-dictadura-cubana-anuncio-la-liberacion-de-51-presos-politicos-tras-la-presion-de-trump","status":"publish","type":"post","link":"https:\/\/verdadincomodadiario.ar\/?p=18345","title":{"rendered":"La dictadura cubana anunci\u00f3 la liberaci\u00f3n de 51 presos pol\u00edticos tras la presi\u00f3n de Trump"},"content":{"rendered":"<p>La liberaci\u00f3n llega mientras la administraci\u00f3n Trump aumenta la presi\u00f3n sobre la isla.<\/p>\n","protected":false},"excerpt":{"rendered":"<p>La liberaci\u00f3n llega mientras la administraci\u00f3n Trump aumenta la presi\u00f3n sobre la isla.<\/p>\n","protected":false},"author":2,"featured_media":18346,"comment_status":"open","ping_status":"open","sticky":false,"template":"","format":"standard","meta":{"_et_pb_use_builder":"","_et_pb_old_content":"","_et_gb_content_width":"","footnotes":""},"categories":[1139,274,79],"tags":[],"class_list":["post-18345","post","type-post","status-publish","format-standard","has-post-thumbnail","hentry","category-cubana","category-dictadura","category-internacionales"],"_links":{"self":[{"href":"https:\/\/verdadincomodadiario.ar\/index.php?rest_route=\/wp\/v2\/posts\/18345","targetHints":{"allow":["GET"]}}],"collection":[{"href":"https:\/\/verdadincomodadiario.ar\/index.php?rest_route=\/wp\/v2\/posts"}],"about":[{"href":"https:\/\/verdadincomodadiario.ar\/index.php?rest_route=\/wp\/v2\/types\/post"}],"author":[{"embeddable":true,"href":"https:\/\/verdadincomodadiario.ar\/index.php?rest_route=\/wp\/v2\/users\/2"}],"replies":[{"embeddable":true,"href":"https:\/\/verdadincomodadiario.ar\/index.php?rest_route=%2Fwp%2Fv2%2Fcomments&post=18345"}],"version-history":[{"count":0,"href":"https:\/\/verdadincomodadiario.ar\/index.php?rest_route=\/wp\/v2\/posts\/18345\/revisions"}],"wp:featuredmedia":[{"embeddable":true,"href":"https:\/\/verdadincomodadiario.ar\/index.php?rest_route=\/wp\/v2\/media\/18346"}],"wp:attachment":[{"href":"https:\/\/verdadincomodadiario.ar\/index.php?rest_route=%2Fwp%2Fv2%2Fmedia&parent=18345"}],"wp:term":[{"taxonomy":"category","embeddable":true,"href":"https:\/\/verdadincomodadiario.ar\/index.php?rest_route=%2Fwp%2Fv2%2Fcategories&post=18345"},{"taxonomy":"post_tag","embeddable":true,"href":"https:\/\/verdadincomodadiario.ar\/index.php?rest_route=%2Fwp%2Fv2%2Ftags&post=18345"}],"curies":[{"name":"wp","href":"https:\/\/api.w.org\/{rel}","templated":true}]}}